{"id":17069,"date":"2025-10-01T12:07:38","date_gmt":"2025-10-01T18:07:38","guid":{"rendered":"https:\/\/fge.oaxaca.gob.mx\/?post_type=noticias&#038;p=10295"},"modified":"2025-10-06T14:12:02","modified_gmt":"2025-10-06T20:12:02","slug":"boletin-1791-logra-fiscalia-de-oaxaca-sentencia-de-17-anos-de-prision-contra-mototaxista-responsable-de-violacion-cometida-en-la-sierra-sur","status":"publish","type":"noticias","link":"https:\/\/portal.fgeo.gob.mx\/index.php\/archivos\/noticias\/boletin-1791-logra-fiscalia-de-oaxaca-sentencia-de-17-anos-de-prision-contra-mototaxista-responsable-de-violacion-cometida-en-la-sierra-sur","title":{"rendered":"BOLET\u00cdN 1,791.- Logra Fiscal\u00eda de Oaxaca sentencia de 17 a\u00f1os de prisi\u00f3n contra mototaxista responsable de violaci\u00f3n cometida en la Sierra Sur"},"content":{"rendered":"<p>&nbsp;<\/p>\n<p><strong>Oaxaca de Ju\u00e1rez, Oax., a 01 de octubre de 2025.-<\/strong> Como parte de la estrategia de combate a los delitos cometidos en contra de ni\u00f1as, ni\u00f1os, adolescentes y mujeres, la Fiscal\u00eda General del Estado de Oaxaca (FGEO) obtuvo una sentencia condenatoria de 17 a\u00f1os de prisi\u00f3n en contra de una persona del sexo masculino identificada como Alberto C.J., por su responsabilidad en la comisi\u00f3n del delito de violaci\u00f3n cometido en agravio de una menor de edad, cometido en la regi\u00f3n de la Sierra Sur.<\/p>\n<p>&nbsp;<\/p>\n<p>De acuerdo con el expediente penal del caso, los hechos ocurrieron el 3 de mayo de 2023, cuando la v\u00edctima -cuya identidad est\u00e1 reservada por ley- caminaba rumbo a su domicilio ubicado en el barrio La Pur\u00edsima Concepci\u00f3n, perteneciente a San Francisco Sola de Vega.<\/p>\n<p>&nbsp;<\/p>\n<p>La investigaci\u00f3n detalla que, en ese lugar, el sentenciado -quien viajaba a bordo de un mototaxi- la intercept\u00f3 y con enga\u00f1os la subi\u00f3 a la unidad de motor, para despu\u00e9s llevarla rumbo a la presa de la misma comunidad, lugar solitario donde la atac\u00f3 sexualmente.<\/p>\n<p>&nbsp;<\/p>\n<p>Luego que la Fiscal\u00eda de Oaxaca recibi\u00f3 la denuncia correspondiente, se iniciaron las investigaciones ministeriales con perspectiva de g\u00e9nero a trav\u00e9s de la Vicefiscal\u00eda Regional de Valles Centrales que recab\u00f3 indicios que permitieron obtener una orden de aprehensi\u00f3n en contra de Alberto C.J., quien fue localizado y detenido por elementos de la Agencia Estatal de Investigaciones (AEI).<\/p>\n<p>&nbsp;<\/p>\n<p>Gracias a los resultados aportados por la FGEO derivado del trabajo multidisciplinario, la autoridad judicial tuvo los elementos suficientes para dictar sentencia condenatoria de 17 a\u00f1os de prisi\u00f3n en contra de Alberto C.J., por su responsabilidad en el delito de violaci\u00f3n adem\u00e1s de imponerle el pago de una multa econ\u00f3mica y el pago por concepto de reparaci\u00f3n del da\u00f1o en abstracto.<\/p>\n<p>&nbsp;<\/p>\n<p>La Fiscal\u00eda General del Estado de Oaxaca tiene entre sus ejes rectores garantizar una vida libre de violencia para ni\u00f1as, ni\u00f1os y adolescentes, a trav\u00e9s de los mecanismos de procuraci\u00f3n de justicia que est\u00e1n a cargo de \u00e1reas especializadas y bien capacitadas para este tipo de labores.<\/p>\n<p>&nbsp;<\/p>\n<p><img fetchpriority=\"high\" decoding=\"async\" class=\"alignnone size-full wp-image-17311\" src=\"https:\/\/portal.fgeo.gob.mx\/minio\/pagina\/wp-content\/uploads\/2025\/10\/1791.jpg\" alt=\"\" width=\"195\" height=\"300\" \/><\/p>\n","protected":false},"author":2,"featured_media":10264,"comment_status":"closed","ping_status":"closed","template":"","tags":[],"categoria_noticias":[],"class_list":["post-17069","noticias","type-noticias","status-publish","has-post-thumbnail","hentry"],"acf":[],"mb":[],"mfb_rest_fields":["title","gutenberg_elementor_mode"],"_links":{"self":[{"href":"https:\/\/portal.fgeo.gob.mx\/index.php\/wp-json\/wp\/v2\/noticias\/17069","targetHints":{"allow":["GET"]}}],"collection":[{"href":"https:\/\/portal.fgeo.gob.mx\/index.php\/wp-json\/wp\/v2\/noticias"}],"about":[{"href":"https:\/\/portal.fgeo.gob.mx\/index.php\/wp-json\/wp\/v2\/types\/noticias"}],"author":[{"embeddable":true,"href":"https:\/\/portal.fgeo.gob.mx\/index.php\/wp-json\/wp\/v2\/users\/2"}],"replies":[{"embeddable":true,"href":"https:\/\/portal.fgeo.gob.mx\/index.php\/wp-json\/wp\/v2\/comments?post=17069"}],"wp:featuredmedia":[{"embeddable":true,"href":"https:\/\/portal.fgeo.gob.mx\/index.php\/wp-json\/"}],"wp:attachment":[{"href":"https:\/\/portal.fgeo.gob.mx\/index.php\/wp-json\/wp\/v2\/media?parent=17069"}],"wp:term":[{"taxonomy":"post_tag","embeddable":true,"href":"https:\/\/portal.fgeo.gob.mx\/index.php\/wp-json\/wp\/v2\/tags?post=17069"},{"taxonomy":"categoria_noticias","embeddable":true,"href":"https:\/\/portal.fgeo.gob.mx\/index.php\/wp-json\/wp\/v2\/categoria_noticias?post=17069"}],"curies":[{"name":"wp","href":"https:\/\/api.w.org\/{rel}","templated":true}]}}