{"id":17068,"date":"2025-10-01T10:35:07","date_gmt":"2025-10-01T16:35:07","guid":{"rendered":"https:\/\/fge.oaxaca.gob.mx\/?post_type=noticias&amp;p=10294"},"modified":"2025-10-01T10:35:07","modified_gmt":"2025-10-01T16:35:07","slug":"boletin-1790-fiscalia-de-oaxaca-establece-lineas-de-investigacion-luego-de-hallazgo-de-restos-humanos-en-la-sierra-de-flores-magon","status":"publish","type":"noticias","link":"https:\/\/portal.fgeo.gob.mx\/index.php\/archivos\/noticias\/boletin-1790-fiscalia-de-oaxaca-establece-lineas-de-investigacion-luego-de-hallazgo-de-restos-humanos-en-la-sierra-de-flores-magon","title":{"rendered":"BOLET\u00cdN 1,790.- Fiscal\u00eda de Oaxaca establece l\u00edneas de investigaci\u00f3n luego de hallazgo de restos humanos en la Sierra de Flores Mag\u00f3n"},"content":{"rendered":"<p><strong>Oaxaca de Ju\u00e1rez, Oax., a 01 de octubre de 2025.-<\/strong> La Fiscal\u00eda General del Estado de Oaxaca realiza los trabajos ministeriales iniciales gracias a los que se cuenta con datos suficientes para definir las primeras l\u00edneas de investigaci\u00f3n luego del hallazgo de los restos de personas que presumiblemente fueron calcinados, en la regi\u00f3n de la Sierra de Flores Mag\u00f3n.<\/p>\n<p>&nbsp;<\/p>\n<p>Los hechos sucedieron el martes, 30 de septiembre de 2025, cuando un grupo operativo encabezado por la FGEO, a trav\u00e9s de la Agencia Estatal de Investigaciones (AEI), Guardia Nacional y Polic\u00eda Estatal, realiz\u00f3 labores de b\u00fasqueda de cinco personas, luego de recibir el reporte por la desaparici\u00f3n de un hombre que iba acompa\u00f1ado de otras cuatro personas.<\/p>\n<p>&nbsp;<\/p>\n<p>Como resultado de estas acciones, localizaron restos humanos en el paraje Llano Amarillo, de Santa Mar\u00eda Texcatitl\u00e1n.<\/p>\n<p>&nbsp;<\/p>\n<p>En el sitio, peritos especializados realizan las tareas en diferentes materias de ciencia forense para establecer las causas de la muerte ya que, de manera preliminar, se estableci\u00f3 que los responsables les prendieron fuego a los cuerpos.<\/p>\n<p>&nbsp;<\/p>\n<p>Por lo anterior, los restos ser\u00e1n sometidos a an\u00e1lisis del ADN, a partir de muestras biol\u00f3gicas para contar con un perfil gen\u00e9tico que permita identificar a las v\u00edctimas, para determinar si coinciden con las personas reportadas como desaparecidas.<\/p>\n<p>&nbsp;<\/p>\n<p>Derivado de los diferentes actos de investigaci\u00f3n, la FGEO obtuvo pruebas que contribuyen a establecer varias l\u00edneas que sugieren que en la zona existen conflictos agrarios activos, as\u00ed como denuncias por actividades il\u00edcitas, adem\u00e1s de un probable origen en asuntos de cobros indebidos.<\/p>\n<p>&nbsp;<\/p>\n<p>En tanto, la Fiscal\u00eda de Oaxaca avanza en las investigaciones ministeriales a trav\u00e9s de la Vicefiscal\u00eda General de Control Regional para tener la certeza de c\u00f3mo sucedieron los hechos y dar con los responsables.<\/p>\n","protected":false},"author":2,"featured_media":10264,"comment_status":"closed","ping_status":"closed","template":"","tags":[],"categoria_noticias":[],"class_list":["post-17068","noticias","type-noticias","status-publish","has-post-thumbnail","hentry"],"acf":[],"mb":[],"mfb_rest_fields":["title","gutenberg_elementor_mode"],"_links":{"self":[{"href":"https:\/\/portal.fgeo.gob.mx\/index.php\/wp-json\/wp\/v2\/noticias\/17068","targetHints":{"allow":["GET"]}}],"collection":[{"href":"https:\/\/portal.fgeo.gob.mx\/index.php\/wp-json\/wp\/v2\/noticias"}],"about":[{"href":"https:\/\/portal.fgeo.gob.mx\/index.php\/wp-json\/wp\/v2\/types\/noticias"}],"author":[{"embeddable":true,"href":"https:\/\/portal.fgeo.gob.mx\/index.php\/wp-json\/wp\/v2\/users\/2"}],"replies":[{"embeddable":true,"href":"https:\/\/portal.fgeo.gob.mx\/index.php\/wp-json\/wp\/v2\/comments?post=17068"}],"wp:featuredmedia":[{"embeddable":true,"href":"https:\/\/portal.fgeo.gob.mx\/index.php\/wp-json\/"}],"wp:attachment":[{"href":"https:\/\/portal.fgeo.gob.mx\/index.php\/wp-json\/wp\/v2\/media?parent=17068"}],"wp:term":[{"taxonomy":"post_tag","embeddable":true,"href":"https:\/\/portal.fgeo.gob.mx\/index.php\/wp-json\/wp\/v2\/tags?post=17068"},{"taxonomy":"categoria_noticias","embeddable":true,"href":"https:\/\/portal.fgeo.gob.mx\/index.php\/wp-json\/wp\/v2\/categoria_noticias?post=17068"}],"curies":[{"name":"wp","href":"https:\/\/api.w.org\/{rel}","templated":true}]}}