{"id":17064,"date":"2025-09-30T09:35:30","date_gmt":"2025-09-30T15:35:30","guid":{"rendered":"https:\/\/fge.oaxaca.gob.mx\/?post_type=noticias&amp;p=10274"},"modified":"2025-09-30T09:35:30","modified_gmt":"2025-09-30T15:35:30","slug":"boletin-1786-fiscalia-de-oaxaca-obtiene-pena-acumulada-de-130-anos-de-prision-en-contra-responsables-de-secuestro-cometido-en-viguera","status":"publish","type":"noticias","link":"https:\/\/portal.fgeo.gob.mx\/index.php\/archivos\/noticias\/boletin-1786-fiscalia-de-oaxaca-obtiene-pena-acumulada-de-130-anos-de-prision-en-contra-responsables-de-secuestro-cometido-en-viguera","title":{"rendered":"BOLET\u00cdN 1,786.-Fiscal\u00eda de Oaxaca obtiene pena acumulada de 130 a\u00f1os de prisi\u00f3n en contra responsables de secuestro cometido en Viguera"},"content":{"rendered":"<p>&nbsp;<\/p>\n<p><strong>Oaxaca de Ju\u00e1rez, Oax., a 30 de septiembre de 2025.-<\/strong> \u00a0Como parte de las acciones de investigaci\u00f3n basadas en inteligencia criminal, la Fiscal\u00eda General del Estado de Oaxaca (FGEO) obtuvo una sentencia\u00a0 de 65 a\u00f1os de prisi\u00f3n en contra de dos personas del sexo masculino, una de ellas identificada como Gerardo G.F. alias \u201cEl Don\u201d y la otra identificada como Juli\u00e1n R. B.\u00a0 alias \u201cEl Oaxaco\u201d, por el delito de secuestro.<\/p>\n<p>&nbsp;<\/p>\n<p>De acuerdo con el expediente penal, los hechos ocurrieron en julio de 2013, cuando la v\u00edctima, una mujer que se encontraba en compa\u00f1\u00eda de su esposo, fue interceptada por los imputados en el paraje San Pedro Trinidad de Viguera.<\/p>\n<p>&nbsp;<\/p>\n<p>En el lugar, los agresores lesionaron al esposo y privaron de la libertad a la mujer, a quien mantuvieron en cautiverio mientras exig\u00edan a sus familiares el pago de una fuerte suma de dinero en efectivo para liberarla.<\/p>\n<p>&nbsp;<\/p>\n<p>Tras estos hechos, la Fiscal\u00eda de Oaxaca tom\u00f3 conocimiento del caso e inici\u00f3 las investigaciones ministeriales correspondientes a trav\u00e9s de la Vicefiscal\u00eda General de Control Regional que despleg\u00f3 un equipo especializado, lo que permiti\u00f3 obtener y ejecutar una orden de aprehensi\u00f3n en contra de Gerardo G.F. alias \u201cEl Don\u201d y la otra identificada como Juli\u00e1n R. B.\u00a0 alias \u201cEl Oaxaco\u201d.<\/p>\n<p>&nbsp;<\/p>\n<p>Una vez detenidos, Gerardo G.F. alias \u201cEl Don\u201d y Juli\u00e1n R. B. alias \u201cEl Oaxaco\u201d, fueron puestos a disposici\u00f3n del Juez de la causa que, tras evaluar los datos de prueba aportados por la Fiscal\u00eda de Oaxaca dict\u00f3 sentencia condenatoria de 65 a\u00f1os de prisi\u00f3n para cada uno de los responsables de la comisi\u00f3n del delito de secuestro.<\/p>\n<p>&nbsp;<\/p>\n<p>La Fiscal\u00eda de Oaxaca est\u00e1 comprometida con presentar ante la ley a quien o quienes resulten responsables de cometer delitos, especialmente en casos de delitos de alto impacto.<\/p>\n<p>&nbsp;<\/p>\n","protected":false},"author":2,"featured_media":10264,"comment_status":"closed","ping_status":"closed","template":"","tags":[],"categoria_noticias":[],"class_list":["post-17064","noticias","type-noticias","status-publish","has-post-thumbnail","hentry"],"acf":[],"mb":[],"mfb_rest_fields":["title","gutenberg_elementor_mode"],"_links":{"self":[{"href":"https:\/\/portal.fgeo.gob.mx\/index.php\/wp-json\/wp\/v2\/noticias\/17064","targetHints":{"allow":["GET"]}}],"collection":[{"href":"https:\/\/portal.fgeo.gob.mx\/index.php\/wp-json\/wp\/v2\/noticias"}],"about":[{"href":"https:\/\/portal.fgeo.gob.mx\/index.php\/wp-json\/wp\/v2\/types\/noticias"}],"author":[{"embeddable":true,"href":"https:\/\/portal.fgeo.gob.mx\/index.php\/wp-json\/wp\/v2\/users\/2"}],"replies":[{"embeddable":true,"href":"https:\/\/portal.fgeo.gob.mx\/index.php\/wp-json\/wp\/v2\/comments?post=17064"}],"wp:featuredmedia":[{"embeddable":true,"href":"https:\/\/portal.fgeo.gob.mx\/index.php\/wp-json\/"}],"wp:attachment":[{"href":"https:\/\/portal.fgeo.gob.mx\/index.php\/wp-json\/wp\/v2\/media?parent=17064"}],"wp:term":[{"taxonomy":"post_tag","embeddable":true,"href":"https:\/\/portal.fgeo.gob.mx\/index.php\/wp-json\/wp\/v2\/tags?post=17064"},{"taxonomy":"categoria_noticias","embeddable":true,"href":"https:\/\/portal.fgeo.gob.mx\/index.php\/wp-json\/wp\/v2\/categoria_noticias?post=17064"}],"curies":[{"name":"wp","href":"https:\/\/api.w.org\/{rel}","templated":true}]}}