{"id":17063,"date":"2025-09-29T15:00:51","date_gmt":"2025-09-29T21:00:51","guid":{"rendered":"https:\/\/fge.oaxaca.gob.mx\/?post_type=noticias&#038;p=10272"},"modified":"2025-10-06T14:32:43","modified_gmt":"2025-10-06T20:32:43","slug":"boletin-1785-fiscalia-de-oaxaca-ejecuta-orden-de-aprehension-por-abuso-sexual-ocurrido-a-bordo-de-un-taxi-en-ejutla-de-crespo","status":"publish","type":"noticias","link":"https:\/\/portal.fgeo.gob.mx\/index.php\/archivos\/noticias\/boletin-1785-fiscalia-de-oaxaca-ejecuta-orden-de-aprehension-por-abuso-sexual-ocurrido-a-bordo-de-un-taxi-en-ejutla-de-crespo","title":{"rendered":"BOLET\u00cdN 1,785.- Fiscal\u00eda de Oaxaca ejecuta orden de aprehensi\u00f3n por abuso sexual ocurrido a bordo de un taxi, en Ejutla de Crespo"},"content":{"rendered":"<p><strong>Oaxaca de Ju\u00e1rez, Oax., a 29 de septiembre de 2025.-<\/strong> Como parte de la estrategia de cero tolerancia a delitos contra la mujer por raz\u00f3n de g\u00e9nero, la Fiscal\u00eda General del Estado de Oaxaca (FGEO) ejecut\u00f3 una orden de aprehensi\u00f3n en contra de una persona del sexo masculino identificado como M.R.C.M., por el delito de abuso sexual agravado, cometido en la regi\u00f3n de los Valles Centrales.<\/p>\n<p>De acuerdo con el expediente penal del caso, la agresi\u00f3n sexual en agravio de la v\u00edctima, ocurri\u00f3 el 06 de noviembre de 2024, cuando la v\u00edctima abord\u00f3 un taxi.<\/p>\n<p>La investigaci\u00f3n revela que, el conductor del veh\u00edculo se desvi\u00f3 de ruta, llevando a la v\u00edctima a la orilla del r\u00edo Atoyac, ubicado en la poblaci\u00f3n de Santa Cruz Nexila, perteneciente al municipio de la Heroica Ciudad de Ejutla de Crespo, donde agredi\u00f3 a la v\u00edctima.<\/p>\n<p>Cuando la Fiscal\u00eda de Oaxaca recibi\u00f3 la denuncia correspondiente, inici\u00f3 las investigaciones a trav\u00e9s de la Vicefiscal\u00eda Regional de Valles Centrales y derivado de los resultados se obtuvo una orden de aprehensi\u00f3n, la cual se le dio cumplimiento con un operativo encabezado por la Agencia Estatal de Investigaciones (AEI) que logr\u00f3 la detenci\u00f3n de M.R.C.M., quien fue puesto a disposici\u00f3n de la autoridad competente que lo requiri\u00f3.<\/p>\n<p>La Fiscal\u00eda del estado de Oaxaca refrenda su compromiso de brindar una atenci\u00f3n integral y efectiva a las v\u00edctimas, especialmente cuando se trata de delitos cometidos en contra de mujeres, ni\u00f1as, ni\u00f1os y adolescentes.<\/p>\n<p><img fetchpriority=\"high\" decoding=\"async\" class=\"alignnone size-full wp-image-17323\" src=\"https:\/\/portal.fgeo.gob.mx\/minio\/pagina\/wp-content\/uploads\/2025\/09\/WhatsApp-Image-2025-09-26-at-10.07.21-AM-249x300-1.jpeg\" alt=\"\" width=\"249\" height=\"300\" \/><\/p>\n<p>&nbsp;<\/p>\n","protected":false},"author":2,"featured_media":10264,"comment_status":"closed","ping_status":"closed","template":"","tags":[],"categoria_noticias":[],"class_list":["post-17063","noticias","type-noticias","status-publish","has-post-thumbnail","hentry"],"acf":[],"mb":[],"mfb_rest_fields":["title","gutenberg_elementor_mode"],"_links":{"self":[{"href":"https:\/\/portal.fgeo.gob.mx\/index.php\/wp-json\/wp\/v2\/noticias\/17063","targetHints":{"allow":["GET"]}}],"collection":[{"href":"https:\/\/portal.fgeo.gob.mx\/index.php\/wp-json\/wp\/v2\/noticias"}],"about":[{"href":"https:\/\/portal.fgeo.gob.mx\/index.php\/wp-json\/wp\/v2\/types\/noticias"}],"author":[{"embeddable":true,"href":"https:\/\/portal.fgeo.gob.mx\/index.php\/wp-json\/wp\/v2\/users\/2"}],"replies":[{"embeddable":true,"href":"https:\/\/portal.fgeo.gob.mx\/index.php\/wp-json\/wp\/v2\/comments?post=17063"}],"wp:featuredmedia":[{"embeddable":true,"href":"https:\/\/portal.fgeo.gob.mx\/index.php\/wp-json\/"}],"wp:attachment":[{"href":"https:\/\/portal.fgeo.gob.mx\/index.php\/wp-json\/wp\/v2\/media?parent=17063"}],"wp:term":[{"taxonomy":"post_tag","embeddable":true,"href":"https:\/\/portal.fgeo.gob.mx\/index.php\/wp-json\/wp\/v2\/tags?post=17063"},{"taxonomy":"categoria_noticias","embeddable":true,"href":"https:\/\/portal.fgeo.gob.mx\/index.php\/wp-json\/wp\/v2\/categoria_noticias?post=17063"}],"curies":[{"name":"wp","href":"https:\/\/api.w.org\/{rel}","templated":true}]}}