{"id":17062,"date":"2025-09-29T09:33:53","date_gmt":"2025-09-29T15:33:53","guid":{"rendered":"https:\/\/fge.oaxaca.gob.mx\/?post_type=noticias&#038;p=10265"},"modified":"2025-10-06T14:34:57","modified_gmt":"2025-10-06T20:34:57","slug":"boletin-1783-fiscalia-de-oaxaca-detiene-a-integrante-de-banda-dedicada-al-robo-con-violencia-cometido-a-bordo-de-motocicletas-que-operaba-en-la-capital-y-zona-metropolitana","status":"publish","type":"noticias","link":"https:\/\/portal.fgeo.gob.mx\/index.php\/archivos\/noticias\/boletin-1783-fiscalia-de-oaxaca-detiene-a-integrante-de-banda-dedicada-al-robo-con-violencia-cometido-a-bordo-de-motocicletas-que-operaba-en-la-capital-y-zona-metropolitana","title":{"rendered":"BOLET\u00cdN 1,783.- Fiscal\u00eda de Oaxaca detiene a integrante de banda dedicada al robo con violencia cometido a bordo de motocicletas, que operaba en la capital y Zona Metropolitana"},"content":{"rendered":"<p>&nbsp;<\/p>\n<p><strong>Oaxaca de Ju\u00e1rez, Oax., a 29 de septiembre de 2025.-<\/strong> La Fiscal\u00eda General del Estado de Oaxaca (FGEO) logr\u00f3 la detenci\u00f3n de una persona del sexo masculino identificado como M.A.R.R., por el delito de robo calificado con violencia moral a las personas, el detenido es identificado como objetivo prioritario por su probable relaci\u00f3n con una grupo delictivo dedicado a la comisi\u00f3n de robos en motocicleta cometidos que operaba en San Mart\u00edn Mexicapan y San Juan Chapultepec, as\u00ed como otras zonas del municipio de Oaxaca de Ju\u00e1rez.<\/p>\n<p>De acuerdo con lo asentado en la carpeta de investigaci\u00f3n, los hechos sucedieron el 14 de septiembre de 2025, cuando un grupo de personas que viajaban a bordo de dos motocicletas intercept\u00f3 a las v\u00edctimas mientras caminaban en calles de la colonia Volcanes, en el municipio de Oaxaca de Ju\u00e1rez.<\/p>\n<p>La investigaci\u00f3n detalla que, dos de las personas que viajaban en las motocicletas descendieron y amenazaron con un arma de fuego a las v\u00edctimas para despojarlas de dinero en efectivo y un tel\u00e9fono celular.<\/p>\n<p>Tras cometer el delito, los asaltantes nuevamente abordaron a las motocicletas para huir del lugar.<\/p>\n<p>Derivado de los hechos, la Fiscal\u00eda de Oaxaca, a trav\u00e9s de la Vicefiscal\u00eda Regional de Valles Centrales, inici\u00f3 las investigaciones ministeriales correspondientes que permitieron obtener la orden de aprehensi\u00f3n en contra de M.A.R.R., la cual fue ejecutada por Agentes Estatales de Investigaci\u00f3n (AEI) para luego presentarlo ante la autoridad que lo requiri\u00f3.<\/p>\n<p>Luego de verificar su identidad y cotejar con la base de datos de la FGEO, se estableci\u00f3 que esta persona estar\u00eda vinculada con un grupo delictivo dedicado relacionado con diversos asaltos en varias partes de la capital de Oaxaca y la Zona Metropolitana, el cual opera a bordo de motocicletas y estar\u00eda asentado en San Mart\u00edn Mexicapan y San Juan Chapultepec.<\/p>\n<p>La Fiscal\u00eda General del Estado de Oaxaca est\u00e1 comprometida con establecer l\u00edneas de investigaci\u00f3n s\u00f3lidas que permitan dar con quien o quienes resulten responsables de los delitos, y con ello, garantizar procesos de procuraci\u00f3n de justicia adecuados para las v\u00edctimas directas e indirectas.<\/p>\n<p>&nbsp;<\/p>\n<p><img fetchpriority=\"high\" decoding=\"async\" class=\"alignnone size-full wp-image-17325\" src=\"https:\/\/portal.fgeo.gob.mx\/minio\/pagina\/wp-content\/uploads\/2025\/09\/WhatsApp-Image-2025-09-25-at-11.01.39-AM-167x300-1.jpeg\" alt=\"\" width=\"167\" height=\"300\" \/><\/p>\n","protected":false},"author":2,"featured_media":10264,"comment_status":"closed","ping_status":"closed","template":"","tags":[],"categoria_noticias":[],"class_list":["post-17062","noticias","type-noticias","status-publish","has-post-thumbnail","hentry"],"acf":[],"mb":[],"mfb_rest_fields":["title","gutenberg_elementor_mode"],"_links":{"self":[{"href":"https:\/\/portal.fgeo.gob.mx\/index.php\/wp-json\/wp\/v2\/noticias\/17062","targetHints":{"allow":["GET"]}}],"collection":[{"href":"https:\/\/portal.fgeo.gob.mx\/index.php\/wp-json\/wp\/v2\/noticias"}],"about":[{"href":"https:\/\/portal.fgeo.gob.mx\/index.php\/wp-json\/wp\/v2\/types\/noticias"}],"author":[{"embeddable":true,"href":"https:\/\/portal.fgeo.gob.mx\/index.php\/wp-json\/wp\/v2\/users\/2"}],"replies":[{"embeddable":true,"href":"https:\/\/portal.fgeo.gob.mx\/index.php\/wp-json\/wp\/v2\/comments?post=17062"}],"wp:featuredmedia":[{"embeddable":true,"href":"https:\/\/portal.fgeo.gob.mx\/index.php\/wp-json\/"}],"wp:attachment":[{"href":"https:\/\/portal.fgeo.gob.mx\/index.php\/wp-json\/wp\/v2\/media?parent=17062"}],"wp:term":[{"taxonomy":"post_tag","embeddable":true,"href":"https:\/\/portal.fgeo.gob.mx\/index.php\/wp-json\/wp\/v2\/tags?post=17062"},{"taxonomy":"categoria_noticias","embeddable":true,"href":"https:\/\/portal.fgeo.gob.mx\/index.php\/wp-json\/wp\/v2\/categoria_noticias?post=17062"}],"curies":[{"name":"wp","href":"https:\/\/api.w.org\/{rel}","templated":true}]}}