{"id":17059,"date":"2025-09-26T15:00:59","date_gmt":"2025-09-26T21:00:59","guid":{"rendered":"https:\/\/fge.oaxaca.gob.mx\/?post_type=noticias&amp;p=10237"},"modified":"2025-09-26T15:00:59","modified_gmt":"2025-09-26T21:00:59","slug":"boletin-1780-obtiene-fgeo-auto-de-formal-prision-contra-imputado-por-abuso-sexual-infantil-cometido-en-unidad-habitacional-de-oaxaca","status":"publish","type":"noticias","link":"https:\/\/portal.fgeo.gob.mx\/index.php\/archivos\/noticias\/boletin-1780-obtiene-fgeo-auto-de-formal-prision-contra-imputado-por-abuso-sexual-infantil-cometido-en-unidad-habitacional-de-oaxaca","title":{"rendered":"BOLET\u00cdN 1,780.- Obtiene FGEO auto de formal prisi\u00f3n contra imputado por abuso sexual infantil cometido en unidad habitacional de Oaxaca"},"content":{"rendered":"<p>&nbsp;<\/p>\n<p><strong>Oaxaca de Ju\u00e1rez, Oax., a 26 de septiembre de 2025.-<\/strong> La Fiscal\u00eda General del Estado de Oaxaca (FGEO) obtuvo auto de Formal Prisi\u00f3n contra una persona del sexo masculino identificada como J.H.C., por el delito de abuso sexual infantil cometido en Oaxaca de Ju\u00e1rez.<\/p>\n<p>De acuerdo a la denuncia asentada en el expediente penal del caso, la agresi\u00f3n sexual ocurri\u00f3 en un domicilio ubicado en la unidad habitacional Ricardo Flores Mag\u00f3n en la ciudad capital, en agravio de la v\u00edctima -una ni\u00f1a de cinco a\u00f1os de edad, cuya identidad est\u00e1 reservada por ley-.<\/p>\n<p>La investigaci\u00f3n detalla que, el delito fue descubierto por el padre, cuando en el mes de julio de 2014 intent\u00f3 llevar a su hija con su madre, en ese momento \u00e9l ten\u00eda la guarda y custodia provisional y la madre el derecho de convivencia los fines de semana, pero la menor se resinti\u00f3 y, al mismo tiempo relat\u00f3 la agresi\u00f3n de la que fue v\u00edctima por parte del imputado quien ten\u00eda acceso a los espacios de convivencia de la ni\u00f1a.<\/p>\n<p>Ante este hecho, y tras la denuncia interpuesta, la FGEO atrajo el caso que qued\u00f3 bajo investigaci\u00f3n de la Vicefiscal\u00eda General de Control Regional considerando en el caso el enfoque con perspectiva de infancia, logrando aprehender y llevar ante el juez a J.H.C.<\/p>\n<p>Una vez valoradas los datos de prueba, el Juez en audiencia dict\u00f3 auto de formal prisi\u00f3n contra J.H.C., por el delito de abuso sexual infantil.<\/p>\n<p>La Fiscal\u00eda del Estado de Oaxaca refrenda su compromiso de aplicar todo el rigor de la Ley a quien o quienes cometan este tipo de delitos y sobre todo brindar una atenci\u00f3n integral y efectiva a las v\u00edctimas, especialmente cuando se trata de delitos cometidos en contra de ni\u00f1as, ni\u00f1os y adolescentes a efecto de garantizar el derecho a tener una vida libre de violencia.<\/p>\n<p><img fetchpriority=\"high\" decoding=\"async\" class=\"alignnone size-medium wp-image-10238\" src=\"https:\/\/portal.fgeo.gob.mx\/wp-content\/uploads\/2025\/09\/Agregar-un-subt%C3%ADtulo-1-225x300.jpg\" alt=\"\" width=\"225\" height=\"300\" \/><\/p>\n","protected":false},"author":2,"featured_media":10230,"comment_status":"closed","ping_status":"closed","template":"","tags":[],"categoria_noticias":[],"class_list":["post-17059","noticias","type-noticias","status-publish","has-post-thumbnail","hentry"],"acf":[],"mb":[],"mfb_rest_fields":["title","gutenberg_elementor_mode"],"_links":{"self":[{"href":"https:\/\/portal.fgeo.gob.mx\/index.php\/wp-json\/wp\/v2\/noticias\/17059","targetHints":{"allow":["GET"]}}],"collection":[{"href":"https:\/\/portal.fgeo.gob.mx\/index.php\/wp-json\/wp\/v2\/noticias"}],"about":[{"href":"https:\/\/portal.fgeo.gob.mx\/index.php\/wp-json\/wp\/v2\/types\/noticias"}],"author":[{"embeddable":true,"href":"https:\/\/portal.fgeo.gob.mx\/index.php\/wp-json\/wp\/v2\/users\/2"}],"replies":[{"embeddable":true,"href":"https:\/\/portal.fgeo.gob.mx\/index.php\/wp-json\/wp\/v2\/comments?post=17059"}],"wp:featuredmedia":[{"embeddable":true,"href":"https:\/\/portal.fgeo.gob.mx\/index.php\/wp-json\/"}],"wp:attachment":[{"href":"https:\/\/portal.fgeo.gob.mx\/index.php\/wp-json\/wp\/v2\/media?parent=17059"}],"wp:term":[{"taxonomy":"post_tag","embeddable":true,"href":"https:\/\/portal.fgeo.gob.mx\/index.php\/wp-json\/wp\/v2\/tags?post=17059"},{"taxonomy":"categoria_noticias","embeddable":true,"href":"https:\/\/portal.fgeo.gob.mx\/index.php\/wp-json\/wp\/v2\/categoria_noticias?post=17059"}],"curies":[{"name":"wp","href":"https:\/\/api.w.org\/{rel}","templated":true}]}}