{"id":17058,"date":"2025-09-26T12:00:28","date_gmt":"2025-09-26T18:00:28","guid":{"rendered":"https:\/\/fge.oaxaca.gob.mx\/?post_type=noticias&amp;p=10235"},"modified":"2025-09-26T12:00:28","modified_gmt":"2025-09-26T18:00:28","slug":"boletin-1779-fiscalia-de-oaxaca-aprehende-a-una-persona-por-desaparicion-de-un-hombre-en-huautla-de-jimenez","status":"publish","type":"noticias","link":"https:\/\/portal.fgeo.gob.mx\/index.php\/archivos\/noticias\/boletin-1779-fiscalia-de-oaxaca-aprehende-a-una-persona-por-desaparicion-de-un-hombre-en-huautla-de-jimenez","title":{"rendered":"BOLET\u00cdN 1,779.- Fiscal\u00eda de Oaxaca aprehende a una persona por desaparici\u00f3n de un hombre en Huautla de Jim\u00e9nez"},"content":{"rendered":"<p><strong>Oaxaca de Ju\u00e1rez, Oax., a 26 de septiembre de 2025.-<\/strong> La Fiscal\u00eda General del Estado de Oaxaca (FGEO) logr\u00f3 la detenci\u00f3n de una persona del sexo masculino identificado como A.P.A.V. por el delito de desaparici\u00f3n de personas cometida por particulares, hechos ocurridos en Huautla de Jim\u00e9nez.<\/p>\n<p>De acuerdo con la carpeta de investigaci\u00f3n los hechos ocurrieron el 15 de junio de 2019, cuando la v\u00edctima se encontraba en su negocio ubicado en el municipio de Huautla de Jim\u00e9nez, quien sali\u00f3 despu\u00e9s de recibir una llamada telef\u00f3nica, sin embargo, al transitar por calles de ese municipio, fue interceptado por un grupo de personas, quienes lo amagaron con armas de fuego, lo sacaron de su veh\u00edculo y se lo llevaron con rumbo desconocido.<\/p>\n<p>Al tener conocimiento de estos hechos la Fiscal\u00eda de Oaxaca, a trav\u00e9s de la Vicefiscal\u00eda General de Control Regional, inici\u00f3 la investigaci\u00f3n correspondiente, por lo cual intervinieron en el proceso equipos multidisciplinarios quienes realizaron investigaciones integrales aplicando los protocolos de b\u00fasqueda y localizaci\u00f3n de personas, lo que permiti\u00f3 obtener una orden de aprehensi\u00f3n en contra de A.P.A.V. por el delito de desaparici\u00f3n de personas cometida por particulares.<\/p>\n<p>Tras la detenci\u00f3n de A.P.A.V. fue puesto a disposici\u00f3n de la autoridad correspondiente para que se determine su situaci\u00f3n jur\u00eddica.<\/p>\n<p>La Fiscal\u00eda General de Oaxaca refrenda su firme compromiso de aplicar la ley y no permitir la impunidad en los delitos de alto impacto, especialmente por su efectos tanto en las v\u00edctimas directas como indirectas, por ello, se busca garantizar el acceso a un adecuado proceso de procuraci\u00f3n de justicia.<\/p>\n<p><img fetchpriority=\"high\" decoding=\"async\" class=\"size-medium wp-image-10236\" src=\"https:\/\/portal.fgeo.gob.mx\/wp-content\/uploads\/2025\/09\/Agregar-un-subt%C3%ADtulo-207x300.jpg\" alt=\"\" width=\"207\" height=\"300\" \/><\/p>\n","protected":false},"author":2,"featured_media":10230,"comment_status":"closed","ping_status":"closed","template":"","tags":[],"categoria_noticias":[],"class_list":["post-17058","noticias","type-noticias","status-publish","has-post-thumbnail","hentry"],"acf":[],"mb":[],"mfb_rest_fields":["title","gutenberg_elementor_mode"],"_links":{"self":[{"href":"https:\/\/portal.fgeo.gob.mx\/index.php\/wp-json\/wp\/v2\/noticias\/17058","targetHints":{"allow":["GET"]}}],"collection":[{"href":"https:\/\/portal.fgeo.gob.mx\/index.php\/wp-json\/wp\/v2\/noticias"}],"about":[{"href":"https:\/\/portal.fgeo.gob.mx\/index.php\/wp-json\/wp\/v2\/types\/noticias"}],"author":[{"embeddable":true,"href":"https:\/\/portal.fgeo.gob.mx\/index.php\/wp-json\/wp\/v2\/users\/2"}],"replies":[{"embeddable":true,"href":"https:\/\/portal.fgeo.gob.mx\/index.php\/wp-json\/wp\/v2\/comments?post=17058"}],"wp:featuredmedia":[{"embeddable":true,"href":"https:\/\/portal.fgeo.gob.mx\/index.php\/wp-json\/"}],"wp:attachment":[{"href":"https:\/\/portal.fgeo.gob.mx\/index.php\/wp-json\/wp\/v2\/media?parent=17058"}],"wp:term":[{"taxonomy":"post_tag","embeddable":true,"href":"https:\/\/portal.fgeo.gob.mx\/index.php\/wp-json\/wp\/v2\/tags?post=17058"},{"taxonomy":"categoria_noticias","embeddable":true,"href":"https:\/\/portal.fgeo.gob.mx\/index.php\/wp-json\/wp\/v2\/categoria_noticias?post=17058"}],"curies":[{"name":"wp","href":"https:\/\/api.w.org\/{rel}","templated":true}]}}