{"id":17055,"date":"2025-09-25T15:18:14","date_gmt":"2025-09-25T21:18:14","guid":{"rendered":"https:\/\/fge.oaxaca.gob.mx\/?post_type=noticias&amp;p=10225"},"modified":"2025-09-25T15:18:14","modified_gmt":"2025-09-25T21:18:14","slug":"boletin-1776-fiscalia-de-oaxaca-obtiene-sentencia-de-102-anos-de-prision-contra-responsable-de-violacion-cometida-en-el-distrito-de-miahuatlan","status":"publish","type":"noticias","link":"https:\/\/portal.fgeo.gob.mx\/index.php\/archivos\/noticias\/boletin-1776-fiscalia-de-oaxaca-obtiene-sentencia-de-102-anos-de-prision-contra-responsable-de-violacion-cometida-en-el-distrito-de-miahuatlan","title":{"rendered":"BOLET\u00cdN 1,776.- Fiscal\u00eda de Oaxaca obtiene sentencia de 102 a\u00f1os de prisi\u00f3n contra responsable de violaci\u00f3n cometida en el distrito de Miahuatl\u00e1n"},"content":{"rendered":"<p><strong>Oaxaca de Ju\u00e1rez, Oax., a 25 de septiembre de 2025.-<\/strong> Como parte de la estrategia de combate a los delitos cometidos en contra de ni\u00f1as, ni\u00f1os, adolescentes y mujeres, la Fiscal\u00eda General del Estado de Oaxaca (FGEO) obtuvo una sentencia hist\u00f3rica de 102 a\u00f1os de prisi\u00f3n en contra de una persona del sexo masculino identificada como Gerardo E.J.R. por su responsabilidad en la comisi\u00f3n del delito de violaci\u00f3n agravada, ocurrida en la regi\u00f3n de la Sierra Sur.<\/p>\n<p>&nbsp;<\/p>\n<p>El expediente penal del caso detalla que los hechos ocurrieron en diferentes fechas de los meses de octubre, noviembre y diciembre de 2020, en un domicilio ubicado en San Miguel Yogovana perteneciente al distrito de Miahuatl\u00e1n de Porfirio D\u00edaz, lugar donde fue agredida la v\u00edctima, una adolescente (cuya identidad est\u00e1 reservada por ley).<\/p>\n<p>&nbsp;<\/p>\n<p>Cuando la FGEO tom\u00f3 conocimiento del caso a trav\u00e9s de la denuncia, se iniciaron las investigaciones ministeriales con perspectiva de g\u00e9nero e infancia dado el contexto de los hechos, las cuales fueron llevadas por la Vicefiscal\u00eda Regional de Valles Centrales, que logr\u00f3 la detenci\u00f3n del responsable.<\/p>\n<p>&nbsp;<\/p>\n<p>Gracias a los resultados aportados por la FGEO, el Tribunal de Enjuiciamiento tuvo los elementos suficientes para dictar sentencia condenatoria de 102 a\u00f1os de prisi\u00f3n en contra de Gerardo E.J.R., por su responsabilidad en el delito de violaci\u00f3n agravada, adem\u00e1s de imponerle el pago de una multa econ\u00f3mica establecida en la ley.<\/p>\n<p>&nbsp;<\/p>\n<p>La Fiscal\u00eda General del Estado de Oaxaca tiene entre sus ejes rectores: garantizar una vida libre de violencia para ni\u00f1as, ni\u00f1os y adolescentes, a trav\u00e9s de los mecanismos legales de procuraci\u00f3n de justicia que est\u00e1n a cargo de \u00e1reas especializadas para este tipo de labores.<\/p>\n<p><img decoding=\"async\" class=\"size-full wp-image-10226\" src=\"https:\/\/portal.fgeo.gob.mx\/wp-content\/uploads\/2025\/09\/Dise%C3%B1o-sin-t%C3%ADtulo-24.jpg\" alt=\"\" width=\"202\" height=\"146\" \/><\/p>\n","protected":false},"author":2,"featured_media":10187,"comment_status":"closed","ping_status":"closed","template":"","tags":[],"categoria_noticias":[],"class_list":["post-17055","noticias","type-noticias","status-publish","has-post-thumbnail","hentry"],"acf":[],"mb":[],"mfb_rest_fields":["title","gutenberg_elementor_mode"],"_links":{"self":[{"href":"https:\/\/portal.fgeo.gob.mx\/index.php\/wp-json\/wp\/v2\/noticias\/17055","targetHints":{"allow":["GET"]}}],"collection":[{"href":"https:\/\/portal.fgeo.gob.mx\/index.php\/wp-json\/wp\/v2\/noticias"}],"about":[{"href":"https:\/\/portal.fgeo.gob.mx\/index.php\/wp-json\/wp\/v2\/types\/noticias"}],"author":[{"embeddable":true,"href":"https:\/\/portal.fgeo.gob.mx\/index.php\/wp-json\/wp\/v2\/users\/2"}],"replies":[{"embeddable":true,"href":"https:\/\/portal.fgeo.gob.mx\/index.php\/wp-json\/wp\/v2\/comments?post=17055"}],"wp:featuredmedia":[{"embeddable":true,"href":"https:\/\/portal.fgeo.gob.mx\/index.php\/wp-json\/"}],"wp:attachment":[{"href":"https:\/\/portal.fgeo.gob.mx\/index.php\/wp-json\/wp\/v2\/media?parent=17055"}],"wp:term":[{"taxonomy":"post_tag","embeddable":true,"href":"https:\/\/portal.fgeo.gob.mx\/index.php\/wp-json\/wp\/v2\/tags?post=17055"},{"taxonomy":"categoria_noticias","embeddable":true,"href":"https:\/\/portal.fgeo.gob.mx\/index.php\/wp-json\/wp\/v2\/categoria_noticias?post=17055"}],"curies":[{"name":"wp","href":"https:\/\/api.w.org\/{rel}","templated":true}]}}