{"id":17054,"date":"2025-09-25T12:00:25","date_gmt":"2025-09-25T18:00:25","guid":{"rendered":"https:\/\/fge.oaxaca.gob.mx\/?post_type=noticias&amp;p=10223"},"modified":"2025-09-25T12:00:25","modified_gmt":"2025-09-25T18:00:25","slug":"boletin-1775-fiscalia-de-oaxaca-obtiene-vinculacion-a-proceso-y-prision-contra-e-j-c-alias-la-chola-imputada-por-robo-al-interior-de-un-hotel-en-puerto-escondido","status":"publish","type":"noticias","link":"https:\/\/portal.fgeo.gob.mx\/index.php\/archivos\/noticias\/boletin-1775-fiscalia-de-oaxaca-obtiene-vinculacion-a-proceso-y-prision-contra-e-j-c-alias-la-chola-imputada-por-robo-al-interior-de-un-hotel-en-puerto-escondido","title":{"rendered":"BOLET\u00cdN 1,775.- Fiscal\u00eda de Oaxaca obtiene vinculaci\u00f3n a proceso y prisi\u00f3n contra E.J.C., alias &#8220;La Chola&#8221;, imputada por robo al interior de un hotel en Puerto Escondido"},"content":{"rendered":"<p>&nbsp;<\/p>\n<p><strong>Oaxaca de Ju\u00e1rez, Oax., a 25 de septiembre de 2025.-<\/strong> La Fiscal\u00eda General del Estado de Oaxaca (FGEO) obtuvo auto de vinculaci\u00f3n a proceso contra una persona del sexo femenino identificada como E.J.C., alias &#8220;La Chola&#8221;, imputada por el delito de robo calificado, cometido en perjuicio patrimonial de un hu\u00e9sped, hechos ocurridos en un hotel de la regi\u00f3n de la Costa.<\/p>\n<p>&nbsp;<\/p>\n<p>De acuerdo con lo asentado en el expediente penal, el robo ocurri\u00f3 el 19 de septiembre de 2025, en una habitaci\u00f3n del hotel denominado &#8216;Las Gaviotas&#8217; ubicado en la calle primera Norte esquina Tercera Poniente de la colonia Centro de Puerto Escondido, lugar donde se hospedaba la v\u00edctima.<\/p>\n<p>&nbsp;<\/p>\n<p>La investigaci\u00f3n detalla que, la persona responsable ingres\u00f3 por la ventana que da al balc\u00f3n de la citada habitaci\u00f3n y aprovech\u00f3 para apoderarse de dinero en efectivo y dos tel\u00e9fonos celulares, para despu\u00e9s huir del lugar.<\/p>\n<p>&nbsp;<\/p>\n<p>Cuando la v\u00edctima se percat\u00f3 de lo ocurrido, solicit\u00f3 auxilio a los trabajadores del hotel quienes lograron captar que la imputada emprend\u00eda la huida por la azotea para salir por la puerta de otro inmueble, siendo alcanzada metros m\u00e1s adelante y posteriormente, entregada a la polic\u00eda municipal de la zona.<\/p>\n<p>&nbsp;<\/p>\n<p>Una vez puesta a disposici\u00f3n de la Fiscal\u00eda de Oaxaca, se iniciaron las investigaciones correspondientes a trav\u00e9s de la Vicefiscal\u00eda Regional de la Costa.<\/p>\n<p>&nbsp;<\/p>\n<p>Posteriormente, la FGEO reuni\u00f3 los datos de prueba que permitieron que el juez de la causa dictara vincular a proceso a E.J.C., por el delito de robo calificado e impuso la medida cautelar de prisi\u00f3n preventiva definitiva y justificada concediendo un plazo de tres meses para el cierre de la investigaci\u00f3n complementaria.<\/p>\n<p>&nbsp;<\/p>\n<p>La Fiscal\u00eda General del Estado de Oaxaca est\u00e1 comprometida con establecer l\u00edneas de investigaci\u00f3n s\u00f3lidas que permitan dar con quien o quienes resulten responsables de los delitos, y con ello, garantizar procesos de procuraci\u00f3n de justicia adecuados para las v\u00edctimas directas e indirectas.<\/p>\n<p><img fetchpriority=\"high\" decoding=\"async\" class=\"size-medium wp-image-10224\" src=\"https:\/\/portal.fgeo.gob.mx\/wp-content\/uploads\/2025\/09\/BOLET%C3%8DN-1775-300x291.jpg\" alt=\"\" width=\"300\" height=\"291\" \/><\/p>\n","protected":false},"author":2,"featured_media":10187,"comment_status":"closed","ping_status":"closed","template":"","tags":[],"categoria_noticias":[],"class_list":["post-17054","noticias","type-noticias","status-publish","has-post-thumbnail","hentry"],"acf":[],"mb":[],"mfb_rest_fields":["title","gutenberg_elementor_mode"],"_links":{"self":[{"href":"https:\/\/portal.fgeo.gob.mx\/index.php\/wp-json\/wp\/v2\/noticias\/17054","targetHints":{"allow":["GET"]}}],"collection":[{"href":"https:\/\/portal.fgeo.gob.mx\/index.php\/wp-json\/wp\/v2\/noticias"}],"about":[{"href":"https:\/\/portal.fgeo.gob.mx\/index.php\/wp-json\/wp\/v2\/types\/noticias"}],"author":[{"embeddable":true,"href":"https:\/\/portal.fgeo.gob.mx\/index.php\/wp-json\/wp\/v2\/users\/2"}],"replies":[{"embeddable":true,"href":"https:\/\/portal.fgeo.gob.mx\/index.php\/wp-json\/wp\/v2\/comments?post=17054"}],"wp:featuredmedia":[{"embeddable":true,"href":"https:\/\/portal.fgeo.gob.mx\/index.php\/wp-json\/"}],"wp:attachment":[{"href":"https:\/\/portal.fgeo.gob.mx\/index.php\/wp-json\/wp\/v2\/media?parent=17054"}],"wp:term":[{"taxonomy":"post_tag","embeddable":true,"href":"https:\/\/portal.fgeo.gob.mx\/index.php\/wp-json\/wp\/v2\/tags?post=17054"},{"taxonomy":"categoria_noticias","embeddable":true,"href":"https:\/\/portal.fgeo.gob.mx\/index.php\/wp-json\/wp\/v2\/categoria_noticias?post=17054"}],"curies":[{"name":"wp","href":"https:\/\/api.w.org\/{rel}","templated":true}]}}