{"id":17053,"date":"2025-09-24T13:00:02","date_gmt":"2025-09-24T19:00:02","guid":{"rendered":"https:\/\/fge.oaxaca.gob.mx\/?post_type=noticias&amp;p=10211"},"modified":"2025-09-24T13:00:02","modified_gmt":"2025-09-24T19:00:02","slug":"boletin-1772-bajo-proceso-penal-conductor-de-autobus-imputado-por-homicidio-culposo-cometido-en-el-centro-historico-de-la-capital-fiscalia-de-oaxaca","status":"publish","type":"noticias","link":"https:\/\/portal.fgeo.gob.mx\/index.php\/archivos\/noticias\/boletin-1772-bajo-proceso-penal-conductor-de-autobus-imputado-por-homicidio-culposo-cometido-en-el-centro-historico-de-la-capital-fiscalia-de-oaxaca","title":{"rendered":"BOLET\u00cdN 1,772.- Bajo proceso penal, conductor de autob\u00fas imputado por homicidio culposo cometido en el Centro Hist\u00f3rico de la Capital: Fiscal\u00eda de Oaxaca"},"content":{"rendered":"<p>&nbsp;<\/p>\n<p><strong>Oaxaca de Ju\u00e1rez, Oax., a 24 de septiembre de 2025.-<\/strong> La Fiscal\u00eda General del Estado de Oaxaca (FGEO) solicit\u00f3 el auto de vinculaci\u00f3n a proceso en contra de una persona del sexo masculino identificado como R.M.H.\u00a0 por el delito de homicidio culposo, da\u00f1os culposos y abandono de persona, por hechos ocurridos cuando conduc\u00eda un cami\u00f3n del transporte p\u00fablico por calles del Centro Hist\u00f3rico de Oaxaca de Ju\u00e1rez.<\/p>\n<p>&nbsp;<\/p>\n<p>De acuerdo con la carpeta de investigaci\u00f3n, el 20 de septiembre de 2025, en la colonia Centro de la ciudad de Oaxaca de Ju\u00e1rez, el imputado conduc\u00eda un autob\u00fas urbano de la l\u00ednea Choferes del Sur, n\u00famero econ\u00f3mico 145, que circulaba sobre la calle de Tinoco y Palacios que se impact\u00f3 en la parte trasera de una motocicleta conducida por la v\u00edctima identificada como J.E.P.G., quien estaba detenido en la misma vialidad, quien perdi\u00f3 la vida a consecuencia de las lesiones que sufri\u00f3 por el incidente.<\/p>\n<p>&nbsp;<\/p>\n<p>La Fiscal\u00eda de Oaxaca tom\u00f3 conocimiento y realiz\u00f3 los trabajos correspondientes a trav\u00e9s de la Vicefiscal\u00eda de Valles Centrales, que llev\u00f3 ante el Juez a R.M.H., para determinar su situaci\u00f3n jur\u00eddica.<\/p>\n<p>&nbsp;<\/p>\n<p>En audiencia inicial, la FGEO present\u00f3 los datos de prueba suficientes para pedir la medida cautelar de prisi\u00f3n preventiva y solicit\u00f3 la vinculaci\u00f3n a proceso de R.M.H., ante lo que, el Juez que atiende la causa calific\u00f3 como legal la detenci\u00f3n y comunic\u00f3 la imputaci\u00f3n por el delito de homicidio culposo, da\u00f1os culposos y abandono de persona.<\/p>\n<p>&nbsp;<\/p>\n<p>Adem\u00e1s, el Juez impuso como medidas cautelares restrictivas se\u00f1aladas por el Art\u00edculo 155 del C\u00f3digo Nacional de Procedimientos Penales.<\/p>\n<p>&nbsp;<\/p>\n<p>La Fiscal\u00eda General del Estado de Oaxaca reafirma su compromiso de realizar investigaciones integrales que permitan brindar adecuados procesos de procuraci\u00f3n de justicia para garantizar los derechos de las v\u00edctimas y el debido proceso.<\/p>\n<p><img fetchpriority=\"high\" decoding=\"async\" class=\"size-medium wp-image-10212\" src=\"https:\/\/portal.fgeo.gob.mx\/wp-content\/uploads\/2025\/09\/Dise%C3%B1o-sin-t%C3%ADtulo-23-245x300.jpg\" alt=\"\" width=\"245\" height=\"300\" \/><\/p>\n","protected":false},"author":2,"featured_media":10187,"comment_status":"closed","ping_status":"closed","template":"","tags":[],"categoria_noticias":[],"class_list":["post-17053","noticias","type-noticias","status-publish","has-post-thumbnail","hentry"],"acf":[],"mb":[],"mfb_rest_fields":["title","gutenberg_elementor_mode"],"_links":{"self":[{"href":"https:\/\/portal.fgeo.gob.mx\/index.php\/wp-json\/wp\/v2\/noticias\/17053","targetHints":{"allow":["GET"]}}],"collection":[{"href":"https:\/\/portal.fgeo.gob.mx\/index.php\/wp-json\/wp\/v2\/noticias"}],"about":[{"href":"https:\/\/portal.fgeo.gob.mx\/index.php\/wp-json\/wp\/v2\/types\/noticias"}],"author":[{"embeddable":true,"href":"https:\/\/portal.fgeo.gob.mx\/index.php\/wp-json\/wp\/v2\/users\/2"}],"replies":[{"embeddable":true,"href":"https:\/\/portal.fgeo.gob.mx\/index.php\/wp-json\/wp\/v2\/comments?post=17053"}],"wp:featuredmedia":[{"embeddable":true,"href":"https:\/\/portal.fgeo.gob.mx\/index.php\/wp-json\/"}],"wp:attachment":[{"href":"https:\/\/portal.fgeo.gob.mx\/index.php\/wp-json\/wp\/v2\/media?parent=17053"}],"wp:term":[{"taxonomy":"post_tag","embeddable":true,"href":"https:\/\/portal.fgeo.gob.mx\/index.php\/wp-json\/wp\/v2\/tags?post=17053"},{"taxonomy":"categoria_noticias","embeddable":true,"href":"https:\/\/portal.fgeo.gob.mx\/index.php\/wp-json\/wp\/v2\/categoria_noticias?post=17053"}],"curies":[{"name":"wp","href":"https:\/\/api.w.org\/{rel}","templated":true}]}}