{"id":17052,"date":"2025-09-24T08:30:01","date_gmt":"2025-09-24T14:30:01","guid":{"rendered":"https:\/\/fge.oaxaca.gob.mx\/?post_type=noticias&amp;p=10207"},"modified":"2025-09-24T08:30:01","modified_gmt":"2025-09-24T14:30:01","slug":"boletin-1771-fiscalia-de-oaxaca-captura-a-j-a-r-s-alias-ricoy-y-s-z-m-alias-zamora-por-feminicidio-cometido-en-calles-del-istmo","status":"publish","type":"noticias","link":"https:\/\/portal.fgeo.gob.mx\/index.php\/archivos\/noticias\/boletin-1771-fiscalia-de-oaxaca-captura-a-j-a-r-s-alias-ricoy-y-s-z-m-alias-zamora-por-feminicidio-cometido-en-calles-del-istmo","title":{"rendered":"BOLET\u00cdN 1,771.- Fiscal\u00eda de Oaxaca captura a J.A.R.S., alias \u201cRicoy\u201d y S.Z.M., alias \u201cZamora\u201d por feminicidio cometido en calles del Istmo"},"content":{"rendered":"<p>&nbsp;<\/p>\n<p><strong>Oaxaca de Ju\u00e1rez, Oax., a 24 de septiembre de 2025.-<\/strong> Como resultado de los trabajos derivados de la activaci\u00f3n del Protocolo de Actuaci\u00f3n Ministerial, Pericial y Policial en el Delito de Feminicidio, la Fiscal\u00eda General del Estado de Oaxaca logr\u00f3 la detenci\u00f3n de J.A.R.S., alias \u201cRicoy\u201d y S.Z.M., alias \u201cZamora\u201d, probables responsables de quitarle la vida a una mujer, luego de una agresi\u00f3n con disparos de arma de fuego, ocurrida en calles del Istmo de Tehuantepec.<\/p>\n<p>&nbsp;<\/p>\n<p>Los hechos ocurrieron el 19 de agosto de 2025, cuando la v\u00edctima -una mujer identificada por las iniciales I.Q.M.- caminaba sobre la calle Tercera Norte del Barrio Ju\u00e1rez, perteneciente al municipio de Santa Mar\u00eda Jalapa del Marqu\u00e9s.<\/p>\n<p>&nbsp;<\/p>\n<p>De pronto, fue interceptada por dos personas que viajaban a bordo de una motocicleta, quienes la agredieron con disparos de arma de fuego, dej\u00e1ndola lesionada en el lugar, donde fue auxiliada y trasladada a un hospital donde perdi\u00f3 la vida a consecuencia de este ataque.<\/p>\n<p>&nbsp;<\/p>\n<p>Cuando la Fiscal\u00eda de Oaxaca tom\u00f3 conocimiento de los hechos, se iniciaron las investigaciones con perspectiva de g\u00e9nero, bajo la coordinaci\u00f3n de la Vicefiscal\u00eda Regional del Istmo, actuaci\u00f3n inmediata que permiti\u00f3 obtener las \u00f3rdenes de aprehensi\u00f3n contra los probables autores materiales.<\/p>\n<p>&nbsp;<\/p>\n<p>Luego de implementar un operativo, elementos de la Agencia Estatal de Investigaciones (AEI) dieron con el paradero de J.A.R.S., alias \u201cRicoy\u201d y S.Z.M., alias \u201cZamora\u201d, quienes fueron detenidos la ma\u00f1ana de este 24 de septiembre de 2025, por lo que quedaron a disposici\u00f3n de la autoridad ministerial correspondiente.<\/p>\n<p>&nbsp;<\/p>\n<p>La Fiscal\u00eda de Oaxaca realiza trabajos efectivos en la investigaci\u00f3n e impartici\u00f3n de justicia respecto a delitos contra la mujer por raz\u00f3n de g\u00e9nero, para castigar y erradicar este tipo de conductas que amenazan los derechos a una vida libre de violencia.<\/p>\n<p><img fetchpriority=\"high\" decoding=\"async\" class=\"alignnone size-medium wp-image-10208\" src=\"https:\/\/portal.fgeo.gob.mx\/wp-content\/uploads\/2025\/09\/WhatsApp-Image-2025-09-24-at-7.59.31-AM-300x225.jpeg\" alt=\"\" width=\"300\" height=\"225\" \/> <img decoding=\"async\" class=\"alignnone size-medium wp-image-10209\" src=\"https:\/\/portal.fgeo.gob.mx\/wp-content\/uploads\/2025\/09\/WhatsApp-Image-2025-09-24-at-7.55.06-AM-1-202x300.jpeg\" alt=\"\" width=\"202\" height=\"300\" \/> <img decoding=\"async\" class=\"alignnone size-medium wp-image-10210\" src=\"https:\/\/portal.fgeo.gob.mx\/wp-content\/uploads\/2025\/09\/WhatsApp-Image-2025-09-24-at-7.55.06-AM-237x300.jpeg\" alt=\"\" width=\"237\" height=\"300\" \/><\/p>\n","protected":false},"author":2,"featured_media":10187,"comment_status":"closed","ping_status":"closed","template":"","tags":[],"categoria_noticias":[],"class_list":["post-17052","noticias","type-noticias","status-publish","has-post-thumbnail","hentry"],"acf":[],"mb":[],"mfb_rest_fields":["title","gutenberg_elementor_mode"],"_links":{"self":[{"href":"https:\/\/portal.fgeo.gob.mx\/index.php\/wp-json\/wp\/v2\/noticias\/17052","targetHints":{"allow":["GET"]}}],"collection":[{"href":"https:\/\/portal.fgeo.gob.mx\/index.php\/wp-json\/wp\/v2\/noticias"}],"about":[{"href":"https:\/\/portal.fgeo.gob.mx\/index.php\/wp-json\/wp\/v2\/types\/noticias"}],"author":[{"embeddable":true,"href":"https:\/\/portal.fgeo.gob.mx\/index.php\/wp-json\/wp\/v2\/users\/2"}],"replies":[{"embeddable":true,"href":"https:\/\/portal.fgeo.gob.mx\/index.php\/wp-json\/wp\/v2\/comments?post=17052"}],"wp:featuredmedia":[{"embeddable":true,"href":"https:\/\/portal.fgeo.gob.mx\/index.php\/wp-json\/"}],"wp:attachment":[{"href":"https:\/\/portal.fgeo.gob.mx\/index.php\/wp-json\/wp\/v2\/media?parent=17052"}],"wp:term":[{"taxonomy":"post_tag","embeddable":true,"href":"https:\/\/portal.fgeo.gob.mx\/index.php\/wp-json\/wp\/v2\/tags?post=17052"},{"taxonomy":"categoria_noticias","embeddable":true,"href":"https:\/\/portal.fgeo.gob.mx\/index.php\/wp-json\/wp\/v2\/categoria_noticias?post=17052"}],"curies":[{"name":"wp","href":"https:\/\/api.w.org\/{rel}","templated":true}]}}