{"id":17051,"date":"2025-09-23T18:00:56","date_gmt":"2025-09-24T00:00:56","guid":{"rendered":"https:\/\/fge.oaxaca.gob.mx\/?post_type=noticias&amp;p=10204"},"modified":"2025-09-23T18:00:56","modified_gmt":"2025-09-24T00:00:56","slug":"boletin-1770-obtiene-fgeo-vinculacion-a-proceso-contra-imputados-por-narcomenudeo-vendian-drogas-en-calles-de-santa-cruz-xoxocotlan","status":"publish","type":"noticias","link":"https:\/\/portal.fgeo.gob.mx\/index.php\/archivos\/noticias\/boletin-1770-obtiene-fgeo-vinculacion-a-proceso-contra-imputados-por-narcomenudeo-vendian-drogas-en-calles-de-santa-cruz-xoxocotlan","title":{"rendered":"BOLET\u00cdN 1,770.- Obtiene FGEO vinculaci\u00f3n a proceso contra imputados por Narcomenudeo, vend\u00edan drogas en calles de Santa Cruz Xoxocotl\u00e1n"},"content":{"rendered":"<p>&nbsp;<\/p>\n<p><strong>Oaxaca de Ju\u00e1rez, Oax., a 23 de septiembre de 2025.-<\/strong> Como parte de las acciones de investigaci\u00f3n ministerial para combatir los delitos de alto impacto, la Fiscal\u00eda General del Estado de Oaxaca (FGEO) obtuvo auto de vinculaci\u00f3n a proceso y prisi\u00f3n en contra de dos personas del sexo masculino identificados como A.J.C.C. y C.E.L.G., por el delito contra la salud en su modalidad de narcomenudeo en su hip\u00f3tesis de suministro cometido en agravio de la sociedad en la regi\u00f3n de los Valles Centrales.<\/p>\n<p>De acuerdo con el expediente penal del caso, A.J.C.C. y C.E.L.G., fueron detenidos el 04 de septiembre de 2025, en inmediaciones de la Colonia An\u00e1huac en Santa Cruz Xoxocotl\u00e1n, por elementos de la polic\u00eda municipal en coordinaci\u00f3n con la Agencia Estatal de Investigaciones (AEI) tras sorprenderlos distribuyendo droga.<\/p>\n<p>Por estos hechos, ambas personas fueron aprehendidas y trasladadas ante las autoridades ministeriales adscritas a la Vicefiscal\u00eda Regional de Valles Centrales para iniciar las indagatorias correspondientes.<\/p>\n<p>Una vez hecha la investigaci\u00f3n, la FGEO present\u00f3 los datos de prueba al Juez que atiende la causa y al evaluarlos, dict\u00f3 vinculaci\u00f3n a proceso contra A.J.C.C. y C.E.L.G., por el delito contra la salud en su modalidad de narcomenudeo en su hip\u00f3tesis de suministro, adem\u00e1s de imponerles la medida cautelar de prisi\u00f3n preventiva de manera definitiva.<\/p>\n<p>La Fiscal\u00eda General de Oaxaca, refrenda su compromiso de seguir trabajando para combatir este tipo de delitos que da\u00f1an el tejido social y atentan contra el bienestar de la sociedad oaxaque\u00f1a.<\/p>\n<figure id=\"attachment_10205\" aria-describedby=\"caption-attachment-10205\" style=\"width: 300px\" class=\"wp-caption alignnone\"><img fetchpriority=\"high\" decoding=\"async\" class=\"size-medium wp-image-10205\" src=\"https:\/\/portal.fgeo.gob.mx\/wp-content\/uploads\/2025\/09\/Dise%C3%B1o-sin-t%C3%ADtulo-22-300x176.jpg\" alt=\"\" width=\"300\" height=\"176\" \/><figcaption id=\"caption-attachment-10205\" class=\"wp-caption-text\">Dise\u00f1o sin t\u00edtulo &#8211; 1<\/figcaption><\/figure>\n<figure id=\"attachment_10206\" aria-describedby=\"caption-attachment-10206\" style=\"width: 300px\" class=\"wp-caption alignnone\"><img decoding=\"async\" class=\"size-medium wp-image-10206\" src=\"https:\/\/portal.fgeo.gob.mx\/wp-content\/uploads\/2025\/09\/Dise%C3%B1o-sin-t%C3%ADtulo-1-4-300x127.jpg\" alt=\"\" width=\"300\" height=\"127\" \/><figcaption id=\"caption-attachment-10206\" class=\"wp-caption-text\">Dise\u00f1o sin t\u00edtulo &#8211; 1<\/figcaption><\/figure>\n","protected":false},"author":2,"featured_media":10187,"comment_status":"closed","ping_status":"closed","template":"","tags":[],"categoria_noticias":[],"class_list":["post-17051","noticias","type-noticias","status-publish","has-post-thumbnail","hentry"],"acf":[],"mb":[],"mfb_rest_fields":["title","gutenberg_elementor_mode"],"_links":{"self":[{"href":"https:\/\/portal.fgeo.gob.mx\/index.php\/wp-json\/wp\/v2\/noticias\/17051","targetHints":{"allow":["GET"]}}],"collection":[{"href":"https:\/\/portal.fgeo.gob.mx\/index.php\/wp-json\/wp\/v2\/noticias"}],"about":[{"href":"https:\/\/portal.fgeo.gob.mx\/index.php\/wp-json\/wp\/v2\/types\/noticias"}],"author":[{"embeddable":true,"href":"https:\/\/portal.fgeo.gob.mx\/index.php\/wp-json\/wp\/v2\/users\/2"}],"replies":[{"embeddable":true,"href":"https:\/\/portal.fgeo.gob.mx\/index.php\/wp-json\/wp\/v2\/comments?post=17051"}],"wp:featuredmedia":[{"embeddable":true,"href":"https:\/\/portal.fgeo.gob.mx\/index.php\/wp-json\/"}],"wp:attachment":[{"href":"https:\/\/portal.fgeo.gob.mx\/index.php\/wp-json\/wp\/v2\/media?parent=17051"}],"wp:term":[{"taxonomy":"post_tag","embeddable":true,"href":"https:\/\/portal.fgeo.gob.mx\/index.php\/wp-json\/wp\/v2\/tags?post=17051"},{"taxonomy":"categoria_noticias","embeddable":true,"href":"https:\/\/portal.fgeo.gob.mx\/index.php\/wp-json\/wp\/v2\/categoria_noticias?post=17051"}],"curies":[{"name":"wp","href":"https:\/\/api.w.org\/{rel}","templated":true}]}}