{"id":17050,"date":"2025-09-23T15:00:01","date_gmt":"2025-09-23T21:00:01","guid":{"rendered":"https:\/\/fge.oaxaca.gob.mx\/?post_type=noticias&amp;p=10202"},"modified":"2025-09-23T15:00:01","modified_gmt":"2025-09-23T21:00:01","slug":"boletin-1769-fiscalia-de-oaxaca-obtiene-vinculacion-a-proceso-contra-sujeto-que-sustrajo-ilegalmente-a-su-hija-y-esta-imputado-por-violencia-vicaria","status":"publish","type":"noticias","link":"https:\/\/portal.fgeo.gob.mx\/index.php\/archivos\/noticias\/boletin-1769-fiscalia-de-oaxaca-obtiene-vinculacion-a-proceso-contra-sujeto-que-sustrajo-ilegalmente-a-su-hija-y-esta-imputado-por-violencia-vicaria","title":{"rendered":"BOLET\u00cdN 1,769.- Fiscal\u00eda de Oaxaca obtiene vinculaci\u00f3n a proceso contra sujeto que sustrajo ilegalmente a su hija y est\u00e1 imputado por violencia vicaria"},"content":{"rendered":"<p><strong>Oaxaca de Ju\u00e1rez, Oax., a 23 de septiembre de 2025.-<\/strong> En acciones coordinadas en combate a delitos contra ni\u00f1as, ni\u00f1os, adolescentes y la mujer, la Fiscal\u00eda General del Estado de Oaxaca (FGEO) obtuvo prisi\u00f3n preventiva y auto de vinculaci\u00f3n a proceso en contra de una persona del sexo masculino identificado como E.G.G., imputado por el delito de violencia vicaria, en agravio de su esposa e hija, hechos cometidos en la regi\u00f3n de la Costa.<\/p>\n<p>De acuerdo con la carpeta de investigaci\u00f3n, los hechos ocurrieron el 10 de septiembre de 2025, fecha en que la menor de edad -cuya identidad est\u00e1 reservada por ley-, fue sustra\u00edda por la fuerza por el imputado (su padre) cuando se encontraba con su abuela, en calles de la localidad de Yoguina en San Francisco Cozoaltepec, perteneciente al municipio de Santa Mar\u00eda Tonameca.<\/p>\n<p>La investigaci\u00f3n detalla que, tras solicitar auxilio, la v\u00edctima fue recuperada con apoyo de la polic\u00eda municipal, justo cuando el imputado se dirig\u00eda a su domicilio ubicado en privada 20 de Mayo del barrio El Fais\u00e1n de San Francisco Cozoaltepec, por lo que E.G.G., fue detenido y puesto a disposici\u00f3n de la Vicefiscal\u00eda Regional de la Costa para su debido proceso legal.<\/p>\n<p>El expediente penal revela tambi\u00e9n que tanto la madre como la hija sufr\u00edan violencia y maltrato psicol\u00f3gico e incluso al principio el hoy imputado se negaba a reconocer a la menor como su hija.<\/p>\n<p>Una vez que la FGEO tom\u00f3 conocimiento del caso, inici\u00f3 las investigaciones bajo el protocolo con perspectiva de g\u00e9nero a trav\u00e9s de la Vicefiscal\u00eda Regional de la Costa, la cual, despu\u00e9s de realizar las primeras indagatorias, logr\u00f3 llevar ante el juez al hoy imputado para determinar su situaci\u00f3n legal.<\/p>\n<p>Tras el desahogo de pruebas aportadas por la FGEO, el Juez de la causa dict\u00f3 vinculaci\u00f3n a proceso en contra de E.G.G., por el delito de violencia vicaria, adem\u00e1s de imponer la medida cautelar de prisi\u00f3n preventiva justificada otorgando el plazo de tres meses para el cierre de la investigaci\u00f3n complementaria.<\/p>\n<p>La Fiscal\u00eda de Oaxaca reitera su compromiso de brindar atenci\u00f3n integral y eficiente en casos de delitos cometidos en contra de mujeres, para lo cual aplica protocolos con perspectiva de g\u00e9nero que permitan brindar un proceso de procuraci\u00f3n de justicia especializado y cercano a las v\u00edctimas.<\/p>\n<p><img fetchpriority=\"high\" decoding=\"async\" class=\"alignnone size-medium wp-image-10203\" src=\"https:\/\/portal.fgeo.gob.mx\/wp-content\/uploads\/2025\/09\/BOLET%C3%8DN-1769-300x293.jpg\" alt=\"\" width=\"300\" height=\"293\" \/><\/p>\n<p>&nbsp;<\/p>\n","protected":false},"author":2,"featured_media":10187,"comment_status":"closed","ping_status":"closed","template":"","tags":[],"categoria_noticias":[],"class_list":["post-17050","noticias","type-noticias","status-publish","has-post-thumbnail","hentry"],"acf":[],"mb":[],"mfb_rest_fields":["title","gutenberg_elementor_mode"],"_links":{"self":[{"href":"https:\/\/portal.fgeo.gob.mx\/index.php\/wp-json\/wp\/v2\/noticias\/17050","targetHints":{"allow":["GET"]}}],"collection":[{"href":"https:\/\/portal.fgeo.gob.mx\/index.php\/wp-json\/wp\/v2\/noticias"}],"about":[{"href":"https:\/\/portal.fgeo.gob.mx\/index.php\/wp-json\/wp\/v2\/types\/noticias"}],"author":[{"embeddable":true,"href":"https:\/\/portal.fgeo.gob.mx\/index.php\/wp-json\/wp\/v2\/users\/2"}],"replies":[{"embeddable":true,"href":"https:\/\/portal.fgeo.gob.mx\/index.php\/wp-json\/wp\/v2\/comments?post=17050"}],"wp:featuredmedia":[{"embeddable":true,"href":"https:\/\/portal.fgeo.gob.mx\/index.php\/wp-json\/"}],"wp:attachment":[{"href":"https:\/\/portal.fgeo.gob.mx\/index.php\/wp-json\/wp\/v2\/media?parent=17050"}],"wp:term":[{"taxonomy":"post_tag","embeddable":true,"href":"https:\/\/portal.fgeo.gob.mx\/index.php\/wp-json\/wp\/v2\/tags?post=17050"},{"taxonomy":"categoria_noticias","embeddable":true,"href":"https:\/\/portal.fgeo.gob.mx\/index.php\/wp-json\/wp\/v2\/categoria_noticias?post=17050"}],"curies":[{"name":"wp","href":"https:\/\/api.w.org\/{rel}","templated":true}]}}