{"id":17047,"date":"2025-09-22T17:00:09","date_gmt":"2025-09-22T23:00:09","guid":{"rendered":"https:\/\/fge.oaxaca.gob.mx\/?post_type=noticias&amp;p=10196"},"modified":"2025-09-22T17:00:09","modified_gmt":"2025-09-22T23:00:09","slug":"boletin-1766-fiscalia-de-oaxaca-aprehende-a-una-persona-por-feminicidio-y-lesiones-tras-ingresar-a-un-domicilio-en-la-region-de-la-costa","status":"publish","type":"noticias","link":"https:\/\/portal.fgeo.gob.mx\/index.php\/archivos\/noticias\/boletin-1766-fiscalia-de-oaxaca-aprehende-a-una-persona-por-feminicidio-y-lesiones-tras-ingresar-a-un-domicilio-en-la-region-de-la-costa","title":{"rendered":"BOLET\u00cdN 1,766.- Fiscal\u00eda de Oaxaca aprehende a una persona por feminicidio y lesiones tras ingresar a un domicilio en la regi\u00f3n de la Costa"},"content":{"rendered":"<p>&nbsp;<\/p>\n<p><strong>Oaxaca de Ju\u00e1rez, Oax., a 22 de septiembre\u00a0 de 2025.-<\/strong>\u00a0 La aplicaci\u00f3n del Protocolo de Actuaci\u00f3n Ministerial, Pericial y Policial en el Delito de Feminicidio para el Estado permiti\u00f3 que la Fiscal\u00eda General del Estado de Oaxaca (FGEO) diera cumplimiento a una orden de aprehensi\u00f3n en contra de una persona del sexo masculino identificada como G.L.L., por los delitos de Feminicidio y Lesiones Calificadas, el primero cometido en agravio de una mujer identificada como M.L.V.G., y el segundo en perjuicio de un adolescente (cuya identidad est\u00e1 reservada por ley).<\/p>\n<p>De acuerdo con el expediente penal del caso, los hechos ocurrieron el 28 de mayo de 2024, cuando el agresor ingres\u00f3 a casa de las v\u00edctimas, donde atac\u00f3 al adolescente con un arma corto-contundente (machete), provoc\u00e1ndole lesiones en diferentes partes del cuerpo.<\/p>\n<p>La investigaci\u00f3n revela que, en el lugar, la v\u00edctima M.L.V.G. pidi\u00f3 ayuda para socorrer al adolescente, momento en que el agresor la sigui\u00f3 hasta el interior del domicilio y posteriormente la atac\u00f3, originando que la v\u00edctima cayera al piso, infligiendo lesiones que terminaron con la vida de la mujer.<\/p>\n<p>Al tener conocimiento de estos sucesos, la Fiscal\u00eda de Oaxaca intervino a trav\u00e9s de la Vicefiscal\u00eda Regional de la Costa y elementos de la Agencia Estatal de Investigaciones (AEI), que realizaron las investigaciones que permitieron la detenci\u00f3n de G.L.L., en calles de San Pedro Pochutla, en la regi\u00f3n de la Costa.<\/p>\n<p>Tras la detenci\u00f3n, G.L.L. fue puesto a disposici\u00f3n de la autoridad ministerial correspondiente para determinar su situaci\u00f3n jur\u00eddica.<\/p>\n<p>La Fiscal\u00eda General del Estado de Oaxaca reitera su compromiso en esclarecer delitos de g\u00e9nero en la entidad, aplicando todo el rigor de la Ley a quien o quienes resulten responsables.<\/p>\n<p><img fetchpriority=\"high\" decoding=\"async\" class=\"alignnone size-medium wp-image-10197\" src=\"https:\/\/portal.fgeo.gob.mx\/wp-content\/uploads\/2025\/09\/WhatsApp-Image-2025-09-22-at-1.22.34-PM-300x186.jpeg\" alt=\"\" width=\"300\" height=\"186\" \/><\/p>\n","protected":false},"author":2,"featured_media":10187,"comment_status":"closed","ping_status":"closed","template":"","tags":[],"categoria_noticias":[],"class_list":["post-17047","noticias","type-noticias","status-publish","has-post-thumbnail","hentry"],"acf":[],"mb":[],"mfb_rest_fields":["title","gutenberg_elementor_mode"],"_links":{"self":[{"href":"https:\/\/portal.fgeo.gob.mx\/index.php\/wp-json\/wp\/v2\/noticias\/17047","targetHints":{"allow":["GET"]}}],"collection":[{"href":"https:\/\/portal.fgeo.gob.mx\/index.php\/wp-json\/wp\/v2\/noticias"}],"about":[{"href":"https:\/\/portal.fgeo.gob.mx\/index.php\/wp-json\/wp\/v2\/types\/noticias"}],"author":[{"embeddable":true,"href":"https:\/\/portal.fgeo.gob.mx\/index.php\/wp-json\/wp\/v2\/users\/2"}],"replies":[{"embeddable":true,"href":"https:\/\/portal.fgeo.gob.mx\/index.php\/wp-json\/wp\/v2\/comments?post=17047"}],"wp:featuredmedia":[{"embeddable":true,"href":"https:\/\/portal.fgeo.gob.mx\/index.php\/wp-json\/"}],"wp:attachment":[{"href":"https:\/\/portal.fgeo.gob.mx\/index.php\/wp-json\/wp\/v2\/media?parent=17047"}],"wp:term":[{"taxonomy":"post_tag","embeddable":true,"href":"https:\/\/portal.fgeo.gob.mx\/index.php\/wp-json\/wp\/v2\/tags?post=17047"},{"taxonomy":"categoria_noticias","embeddable":true,"href":"https:\/\/portal.fgeo.gob.mx\/index.php\/wp-json\/wp\/v2\/categoria_noticias?post=17047"}],"curies":[{"name":"wp","href":"https:\/\/api.w.org\/{rel}","templated":true}]}}