{"id":17046,"date":"2025-09-22T12:03:21","date_gmt":"2025-09-22T18:03:21","guid":{"rendered":"https:\/\/fge.oaxaca.gob.mx\/?post_type=noticias&amp;p=10191"},"modified":"2025-09-22T12:03:21","modified_gmt":"2025-09-22T18:03:21","slug":"boletin-1765-como-parte-de-estrategia-contra-la-violencia-familiar-fiscalia-de-oaxaca-aprehende-a-cuatro-personas-en-diferentes-regiones","status":"publish","type":"noticias","link":"https:\/\/portal.fgeo.gob.mx\/index.php\/archivos\/noticias\/boletin-1765-como-parte-de-estrategia-contra-la-violencia-familiar-fiscalia-de-oaxaca-aprehende-a-cuatro-personas-en-diferentes-regiones","title":{"rendered":"BOLET\u00cdN 1,765.- Como parte de estrategia contra la Violencia Familiar, Fiscal\u00eda de Oaxaca aprehende a cuatro personas en diferentes regiones"},"content":{"rendered":"<p>&nbsp;<\/p>\n<p><strong>Oaxaca de Ju\u00e1rez, Oax. 22 de septiembre de 2025.- <\/strong>La Fiscal\u00eda General del Estado de Oaxaca (FGEO) -a trav\u00e9s de la Agencia Estatal de Investigaciones (AEI)- dio cumplimiento a diversas \u00f3rdenes de aprehensi\u00f3n que permitieron la detenci\u00f3n de cuatro personas, todas del sexo masculino, por el delito de violencia familiar cometidos en diferentes regiones de la entidad.<\/p>\n<p>&nbsp;<\/p>\n<p>Conforme a lo establecido en el expediente penal, dos de las aprehensiones se llevaron a cabo tras las investigaciones de la Fiscal\u00eda Especializada para la Atenci\u00f3n a Delitos contra la Mujer por Raz\u00f3n y la Fiscal\u00eda Especializada en Justicia para Adolescentes.<\/p>\n<p>&nbsp;<\/p>\n<p>Una de las detenciones se logr\u00f3 en la Central de Abasto, en la ciudad de Oaxaca de Ju\u00e1rez, mientras que la segunda en Santa Mar\u00eda Atzompa, municipio conurbado a la capital de Oaxaca en la regi\u00f3n de los Valles Centrales.<\/p>\n<p>La primera aprehensi\u00f3n se ejecut\u00f3 en la calle Villa Alta de la colonia Guelaguetza del municipio de Santa Mar\u00eda Atzompa, en contra de un hombre identificado como A.M.V., detenido por agentes ministeriales tras incumplir con una media cautelar impuesta por un juez por el delito de violencia familiar en agravio de S.D.S.A.<\/p>\n<p>Tras su detenci\u00f3n, A.M.V., fue puesto a disposici\u00f3n de la Fiscal\u00eda Especializada en Justicia para Ni\u00f1as, Ni\u00f1os y Adolescentes, \u00e1rea encargada de la investigaci\u00f3n del caso.<\/p>\n<p>La segunda aprehensi\u00f3n, efectuada por agentes de la AEI se ejecut\u00f3 en contra A.I.L.Z., en inmediaciones de la avenida Ju\u00e1rez Maza de la Central de Abasto en la ciudad de Oaxaca, derivado de investigaciones realizadas por la Fiscal\u00eda Especializada para la Atenci\u00f3n de Delitos contra la Mujer por raz\u00f3n de G\u00e9nero, por el delito de violaci\u00f3n familiar ejercida en contra de M.Y.Z.Z.<\/p>\n<p>En tanto que otras dos detenciones se llevaron a cabo en la regi\u00f3n de la Costa y la Sierra de Flores Mag\u00f3n; en el caso de la Costa, el mandato judicial fue en contra de A.H.L., por ejercer violencia en contra de una mujer, hechos registrados el 31 de marzo de 2025.<\/p>\n<p>Una vez detenido por agentes ministeriales con apoyo de elementos de la Secretar\u00eda de la Defensa Nacional (DEFENSA) Guardia Nacional (GN) y Polic\u00eda Estatal y Polic\u00eda Vial Estatal, fue puesto a disposici\u00f3n de la Vicefiscal\u00eda Regional de la Costa para su certificaci\u00f3n m\u00e9dica y posteriormente su debido proceso.<\/p>\n<p>La cuarta detenci\u00f3n se realiz\u00f3 en la calle Los Pinos del Barrio El Llanito de Teotitl\u00e1n de Flores Mag\u00f3n en contra de E.M.G., luego de las investigaciones realizadas por la Vicefiscal\u00eda General de Control Regional por hechos registrados el 11 de julio de 2024, cuando la v\u00edctima L.G.G., fue agredida de manera f\u00edsica y verbal en su domicilio ubicado en el barrio La Laguna de la localidad de La Toma perteneciente a Mazatl\u00e1n Villa de Flores.<\/p>\n<p>La Fiscal\u00eda de Oaxaca prioriza las investigaciones relacionadas con delitos cometidos contra mujeres, para presentar ante la justicia a los responsables a fin de garantizar el derecho a una vida libre de violencia.<\/p>\n<p><img decoding=\"async\" class=\"alignnone size-medium wp-image-10192\" src=\"https:\/\/portal.fgeo.gob.mx\/wp-content\/uploads\/2025\/09\/WhatsApp-Image-2025-09-19-at-6.53.01-PM-300x158.jpeg\" alt=\"\" width=\"300\" height=\"158\" \/> <img fetchpriority=\"high\" decoding=\"async\" class=\"alignnone size-medium wp-image-10193\" src=\"https:\/\/portal.fgeo.gob.mx\/wp-content\/uploads\/2025\/09\/WhatsApp-Image-2025-09-19-at-6.52.42-PM-300x187.jpeg\" alt=\"\" width=\"300\" height=\"187\" \/> <img decoding=\"async\" class=\"alignnone size-medium wp-image-10194\" src=\"https:\/\/portal.fgeo.gob.mx\/wp-content\/uploads\/2025\/09\/Dise%C3%B1o-sin-t%C3%ADtulo-19-225x300.jpg\" alt=\"\" width=\"225\" height=\"300\" \/> <img loading=\"lazy\" decoding=\"async\" class=\"alignnone size-medium wp-image-10195\" src=\"https:\/\/portal.fgeo.gob.mx\/wp-content\/uploads\/2025\/09\/WhatsApp-Image-2025-09-19-at-6.52.15-PM-300x99.jpeg\" alt=\"\" width=\"300\" height=\"99\" \/><\/p>\n<p>&nbsp;<\/p>\n","protected":false},"author":2,"featured_media":10187,"comment_status":"closed","ping_status":"closed","template":"","tags":[],"categoria_noticias":[],"class_list":["post-17046","noticias","type-noticias","status-publish","has-post-thumbnail","hentry"],"acf":[],"mb":[],"mfb_rest_fields":["title","gutenberg_elementor_mode"],"_links":{"self":[{"href":"https:\/\/portal.fgeo.gob.mx\/index.php\/wp-json\/wp\/v2\/noticias\/17046","targetHints":{"allow":["GET"]}}],"collection":[{"href":"https:\/\/portal.fgeo.gob.mx\/index.php\/wp-json\/wp\/v2\/noticias"}],"about":[{"href":"https:\/\/portal.fgeo.gob.mx\/index.php\/wp-json\/wp\/v2\/types\/noticias"}],"author":[{"embeddable":true,"href":"https:\/\/portal.fgeo.gob.mx\/index.php\/wp-json\/wp\/v2\/users\/2"}],"replies":[{"embeddable":true,"href":"https:\/\/portal.fgeo.gob.mx\/index.php\/wp-json\/wp\/v2\/comments?post=17046"}],"wp:featuredmedia":[{"embeddable":true,"href":"https:\/\/portal.fgeo.gob.mx\/index.php\/wp-json\/"}],"wp:attachment":[{"href":"https:\/\/portal.fgeo.gob.mx\/index.php\/wp-json\/wp\/v2\/media?parent=17046"}],"wp:term":[{"taxonomy":"post_tag","embeddable":true,"href":"https:\/\/portal.fgeo.gob.mx\/index.php\/wp-json\/wp\/v2\/tags?post=17046"},{"taxonomy":"categoria_noticias","embeddable":true,"href":"https:\/\/portal.fgeo.gob.mx\/index.php\/wp-json\/wp\/v2\/categoria_noticias?post=17046"}],"curies":[{"name":"wp","href":"https:\/\/api.w.org\/{rel}","templated":true}]}}