{"id":17045,"date":"2025-09-22T09:06:55","date_gmt":"2025-09-22T15:06:55","guid":{"rendered":"https:\/\/fge.oaxaca.gob.mx\/?post_type=noticias&amp;p=10189"},"modified":"2025-09-22T09:06:55","modified_gmt":"2025-09-22T15:06:55","slug":"boletin-1764-fiscalia-de-oaxaca-aprehende-a-conductor-de-taxi-por-robo-con-violencia-cometido-en-san-felipe-del-agua","status":"publish","type":"noticias","link":"https:\/\/portal.fgeo.gob.mx\/index.php\/archivos\/noticias\/boletin-1764-fiscalia-de-oaxaca-aprehende-a-conductor-de-taxi-por-robo-con-violencia-cometido-en-san-felipe-del-agua","title":{"rendered":"BOLET\u00cdN 1,764.- Fiscal\u00eda de Oaxaca aprehende a conductor de taxi por robo con violencia cometido en San Felipe del Agua"},"content":{"rendered":"<p style=\"font-weight: 400\"><strong>Oaxaca de Ju\u00e1rez, Oax. 22 de septiembre de 2025.-\u00a0<\/strong>La Fiscal\u00eda General del Estado de Oaxaca (FGEO) ejecut\u00f3 una orden de aprehensi\u00f3n en contra de una persona del sexo masculino identificado como O.I.V.V., por el delito de robo con violencia, hechos ocurridos en la zona de San Felipe del Agua, cuando la v\u00edctima utiliz\u00f3 un servicio de taxi el cual era conducido por el imputado.<\/p>\n<p style=\"font-weight: 400\">\n<p style=\"font-weight: 400\">De acuerdo con la carpeta de investigaci\u00f3n, los hechos ocurrieron el 22 de julio de 2025, cuando la v\u00edctima abord\u00f3 un taxi en el centro de la ciudad con destino a San Felipe del Agua.<\/p>\n<p style=\"font-weight: 400\">\n<p style=\"font-weight: 400\">Posteriormente, al llegar a la zona de San Felipe del Agua, el veh\u00edculo se estacion\u00f3 detr\u00e1s de un autom\u00f3vil negro, de donde descendi\u00f3 un hombre que, junto con el imputado, amenaz\u00f3 y agredi\u00f3 f\u00edsicamente a la v\u00edctima, despoj\u00e1ndola de dinero en efectivo y un tel\u00e9fono celular.<\/p>\n<p style=\"font-weight: 400\">\n<p style=\"font-weight: 400\">Tras la denuncia presentada, la FGEO inici\u00f3 las investigaciones correspondientes a trav\u00e9s de la Vicefiscal\u00eda Regional de Valles Centrales, logrando obtener y ejecutar la orden de aprehensi\u00f3n contra O.I.V.V., quien fue puesto a disposici\u00f3n de la autoridad judicial que resolver\u00e1 su situaci\u00f3n jur\u00eddica.<\/p>\n<p style=\"font-weight: 400\">\n<p style=\"font-weight: 400\">La FGEO reafirma su compromiso de realizar investigaciones s\u00f3lidas y diligentes para garantizar a las v\u00edctimas el acceso a la justicia y combatir los delitos que afectan a la sociedad oaxaque\u00f1a.<\/p>\n<p style=\"font-weight: 400\"><img fetchpriority=\"high\" decoding=\"async\" class=\"alignnone size-medium wp-image-10190\" src=\"https:\/\/portal.fgeo.gob.mx\/wp-content\/uploads\/2025\/09\/G1dZWEjXoAAr23u-230x300.jpeg\" alt=\"\" width=\"230\" height=\"300\" \/><\/p>\n","protected":false},"author":2,"featured_media":10187,"comment_status":"closed","ping_status":"closed","template":"","tags":[],"categoria_noticias":[],"class_list":["post-17045","noticias","type-noticias","status-publish","has-post-thumbnail","hentry"],"acf":[],"mb":[],"mfb_rest_fields":["title","gutenberg_elementor_mode"],"_links":{"self":[{"href":"https:\/\/portal.fgeo.gob.mx\/index.php\/wp-json\/wp\/v2\/noticias\/17045","targetHints":{"allow":["GET"]}}],"collection":[{"href":"https:\/\/portal.fgeo.gob.mx\/index.php\/wp-json\/wp\/v2\/noticias"}],"about":[{"href":"https:\/\/portal.fgeo.gob.mx\/index.php\/wp-json\/wp\/v2\/types\/noticias"}],"author":[{"embeddable":true,"href":"https:\/\/portal.fgeo.gob.mx\/index.php\/wp-json\/wp\/v2\/users\/2"}],"replies":[{"embeddable":true,"href":"https:\/\/portal.fgeo.gob.mx\/index.php\/wp-json\/wp\/v2\/comments?post=17045"}],"wp:featuredmedia":[{"embeddable":true,"href":"https:\/\/portal.fgeo.gob.mx\/index.php\/wp-json\/"}],"wp:attachment":[{"href":"https:\/\/portal.fgeo.gob.mx\/index.php\/wp-json\/wp\/v2\/media?parent=17045"}],"wp:term":[{"taxonomy":"post_tag","embeddable":true,"href":"https:\/\/portal.fgeo.gob.mx\/index.php\/wp-json\/wp\/v2\/tags?post=17045"},{"taxonomy":"categoria_noticias","embeddable":true,"href":"https:\/\/portal.fgeo.gob.mx\/index.php\/wp-json\/wp\/v2\/categoria_noticias?post=17045"}],"curies":[{"name":"wp","href":"https:\/\/api.w.org\/{rel}","templated":true}]}}