{"id":17044,"date":"2025-09-21T15:39:34","date_gmt":"2025-09-21T21:39:34","guid":{"rendered":"https:\/\/fge.oaxaca.gob.mx\/?post_type=noticias&amp;p=10188"},"modified":"2025-09-21T15:39:34","modified_gmt":"2025-09-21T21:39:34","slug":"boletin-1763-fgeo-refuerza-cooperacion-interinstitucional-para-fortalecer-la-seguridad-y-la-paz-social-en-oaxaca-de-juarez","status":"publish","type":"noticias","link":"https:\/\/portal.fgeo.gob.mx\/index.php\/archivos\/noticias\/boletin-1763-fgeo-refuerza-cooperacion-interinstitucional-para-fortalecer-la-seguridad-y-la-paz-social-en-oaxaca-de-juarez","title":{"rendered":"BOLET\u00cdN 1763.- FGEO refuerza cooperaci\u00f3n interinstitucional para fortalecer la seguridad y la paz social en Oaxaca de Ju\u00e1rez"},"content":{"rendered":"<p><strong>Oaxaca de Ju\u00e1rez, Oax., a 21 de septiembre\u00a0 de 2025.-\u00a0<\/strong>\u00a0La Fiscal\u00eda General del Estado de Oaxaca (FGEO), en coordinaci\u00f3n con autoridades estatales, municipales de Oaxaca de Ju\u00e1rez y representantes de la sociedad civil, realiz\u00f3 el programa de proximidad social \u201cFiscal\u00eda en tu comunidad llega a tu colonia\u201d, iniciativa de\u00a0 atenci\u00f3n ciudadana realizada en la agencia municipal de Santa Rosa Panzacola, con el objetivo de fortalecer la seguridad, la prevenci\u00f3n del delito y la confianza de la ciudadan\u00eda.<\/p>\n<p>&nbsp;<\/p>\n<p>En este encuentro, desarrollado las canchas deportivas de la Colonia Bugambilias perteneciente a la Agencia de Santa Rosa Panzacola, la Fiscal\u00eda de Oaxaca acerc\u00f3 sus servicios a la comunidad y\u00a0 reiter\u00f3 su compromiso de trabajar de manera conjunta con el Gobierno del Estado, el Ayuntamiento de Oaxaca de Ju\u00e1rez y la sociedad organizada para restaurar el tejido social y generar condiciones de paz.<\/p>\n<p>&nbsp;<\/p>\n<p>En el encuentro estuvieron presentes la titular del Secretariado Ejecutivo del Sistema Estatal de Seguridad P\u00fablica de Oaxaca, Karina Bar\u00f3n; el presidente municipal de Oaxaca de Ju\u00e1rez, Raymundo Chagoya; as\u00ed como el agente municipal de Santa Rosa Panzacola, Jorge Germ\u00e1n Pav\u00f3n Gir\u00f3n.<\/p>\n<p>&nbsp;<\/p>\n<p>As\u00ed como el titular de la Polic\u00eda Auxiliar, Bancaria, Industrial y Comercial (PABIC), Alejandro Tejada,\u00a0Subsecretario de Prevenci\u00f3n y Reinserci\u00f3n Social, Roberto Claudio Castillo; y el coordinador de la Agencia Estatal de Investigaciones Jaciel V\u00e1squez Castro,\u00a0quienes coincidieron en que la seguridad p\u00fablica es una responsabilidad compartida entre los tres \u00f3rdenes de gobierno y la sociedad.<\/p>\n<p>&nbsp;<\/p>\n<p>Durante el programa de proximidad social \u201cFiscal\u00eda en tu Colonia\u201d, el Vicefiscal de Valles Centrales Samuel Jim\u00e9nez, en representaci\u00f3n del Fiscal General del Estado, destac\u00f3 que la cooperaci\u00f3n interinstitucional ha permitido crear sinergias efectivas en materia de prevenci\u00f3n, atenci\u00f3n y procuraci\u00f3n de justicia, lo cual se refleja en la cercan\u00eda con la ciudadan\u00eda y en la atenci\u00f3n directa de sus necesidades.<\/p>\n<p>&nbsp;<\/p>\n<p>La Fiscal\u00eda General del Estado subray\u00f3 que la suma de esfuerzos con la Secretar\u00eda de Seguridad y Protecci\u00f3n Ciudadana, la Agencia Estatal de Investigaciones, la Polic\u00eda Auxiliar, el Secretariado Ejecutivo de Seguridad P\u00fablica, as\u00ed como con las autoridades municipales y los comit\u00e9s vecinales, permite generar respuestas m\u00e1s r\u00e1pidas y efectivas frente a las problem\u00e1ticas que enfrenta cada colonia y comunidad.<\/p>\n<p>&nbsp;<\/p>\n<p>Con estas acciones, la Fiscal\u00eda de Oaxaca refrenda su compromiso de garantizar el acceso a la procuraci\u00f3n de justicia, fortalecer la confianza ciudadana y\u00a0 coadyuvar a la construcci\u00f3n de un entorno seguro para la sociedad oaxaque\u00f1a.<\/p>\n<p><img fetchpriority=\"high\" decoding=\"async\" class=\"alignnone size-medium wp-image-10169\" src=\"https:\/\/portal.fgeo.gob.mx\/wp-content\/uploads\/2025\/09\/BOLET%C3%8DN-1763.-FGEO-refuerza-cooperaci%C3%B3n-interinstitucional-para-fortalecer-la-seguridad-y-la-paz-social-en-Oaxaca-de-Ju%C3%A1rez4-300x200.jpeg\" alt=\"\" width=\"300\" height=\"200\" \/> <img decoding=\"async\" class=\"alignnone size-medium wp-image-10171\" src=\"https:\/\/portal.fgeo.gob.mx\/wp-content\/uploads\/2025\/09\/BOLET%C3%8DN-1763.-FGEO-refuerza-cooperaci%C3%B3n-interinstitucional-para-fortalecer-la-seguridad-y-la-paz-social-en-Oaxaca-de-Ju%C3%A1rez21-300x200.jpeg\" alt=\"\" width=\"300\" height=\"200\" \/> <img decoding=\"async\" class=\"alignnone size-medium wp-image-10170\" src=\"https:\/\/portal.fgeo.gob.mx\/wp-content\/uploads\/2025\/09\/BOLET%C3%8DN-1763.-FGEO-refuerza-cooperaci%C3%B3n-interinstitucional-para-fortalecer-la-seguridad-y-la-paz-social-en-Oaxaca-de-Ju%C3%A1rez5-300x200.jpeg\" alt=\"\" width=\"300\" height=\"200\" \/> <img loading=\"lazy\" decoding=\"async\" class=\"alignnone size-medium wp-image-10168\" src=\"https:\/\/portal.fgeo.gob.mx\/wp-content\/uploads\/2025\/09\/BOLET%C3%8DN-1763.-FGEO-refuerza-cooperaci%C3%B3n-interinstitucional-para-fortalecer-la-seguridad-y-la-paz-social-en-Oaxaca-de-Ju%C3%A1rez3-300x200.jpeg\" alt=\"\" width=\"300\" height=\"200\" \/> <img loading=\"lazy\" decoding=\"async\" class=\"alignnone size-medium wp-image-10166\" src=\"https:\/\/portal.fgeo.gob.mx\/wp-content\/uploads\/2025\/09\/BOLET%C3%8DN-1763.-FGEO-refuerza-cooperaci%C3%B3n-interinstitucional-para-fortalecer-la-seguridad-y-la-paz-social-en-Oaxaca-de-Ju%C3%A1rez1-300x200.jpeg\" alt=\"\" width=\"300\" height=\"200\" \/> <img loading=\"lazy\" decoding=\"async\" class=\"alignnone size-medium wp-image-10167\" src=\"https:\/\/portal.fgeo.gob.mx\/wp-content\/uploads\/2025\/09\/BOLET%C3%8DN-1763.-FGEO-refuerza-cooperaci%C3%B3n-interinstitucional-para-fortalecer-la-seguridad-y-la-paz-social-en-Oaxaca-de-Ju%C3%A1rez2-300x200.jpeg\" alt=\"\" width=\"300\" height=\"200\" \/> <img loading=\"lazy\" decoding=\"async\" class=\"alignnone size-medium wp-image-10174\" src=\"https:\/\/portal.fgeo.gob.mx\/wp-content\/uploads\/2025\/09\/BOLET%C3%8DN-1763.-FGEO-refuerza-cooperaci%C3%B3n-interinstitucional-para-fortalecer-la-seguridad-y-la-paz-social-en-Oaxaca-de-Ju%C3%A1rez18-300x200.jpeg\" alt=\"\" width=\"300\" height=\"200\" \/> <img loading=\"lazy\" decoding=\"async\" class=\"alignnone size-medium wp-image-10172\" src=\"https:\/\/portal.fgeo.gob.mx\/wp-content\/uploads\/2025\/09\/BOLET%C3%8DN-1763.-FGEO-refuerza-cooperaci%C3%B3n-interinstitucional-para-fortalecer-la-seguridad-y-la-paz-social-en-Oaxaca-de-Ju%C3%A1rez20-232x300.jpeg\" alt=\"\" width=\"232\" height=\"300\" \/> <img loading=\"lazy\" decoding=\"async\" class=\"alignnone size-medium wp-image-10178\" src=\"https:\/\/portal.fgeo.gob.mx\/wp-content\/uploads\/2025\/09\/BOLET%C3%8DN-1763.-FGEO-refuerza-cooperaci%C3%B3n-interinstitucional-para-fortalecer-la-seguridad-y-la-paz-social-en-Oaxaca-de-Ju%C3%A1rez14-300x200.jpeg\" alt=\"\" width=\"300\" height=\"200\" \/> <img loading=\"lazy\" decoding=\"async\" class=\"alignnone size-medium wp-image-10182\" src=\"https:\/\/portal.fgeo.gob.mx\/wp-content\/uploads\/2025\/09\/BOLET%C3%8DN-1763.-FGEO-refuerza-cooperaci%C3%B3n-interinstitucional-para-fortalecer-la-seguridad-y-la-paz-social-en-Oaxaca-de-Ju%C3%A1rez10-300x200.jpeg\" alt=\"\" width=\"300\" height=\"200\" \/> <img loading=\"lazy\" decoding=\"async\" class=\"alignnone size-medium wp-image-10173\" src=\"https:\/\/portal.fgeo.gob.mx\/wp-content\/uploads\/2025\/09\/BOLET%C3%8DN-1763.-FGEO-refuerza-cooperaci%C3%B3n-interinstitucional-para-fortalecer-la-seguridad-y-la-paz-social-en-Oaxaca-de-Ju%C3%A1rez19-300x200.jpeg\" alt=\"\" width=\"300\" height=\"200\" \/> <img loading=\"lazy\" decoding=\"async\" class=\"alignnone size-medium wp-image-10181\" src=\"https:\/\/portal.fgeo.gob.mx\/wp-content\/uploads\/2025\/09\/BOLET%C3%8DN-1763.-FGEO-refuerza-cooperaci%C3%B3n-interinstitucional-para-fortalecer-la-seguridad-y-la-paz-social-en-Oaxaca-de-Ju%C3%A1rez11-300x200.jpeg\" alt=\"\" width=\"300\" height=\"200\" \/> <img loading=\"lazy\" decoding=\"async\" class=\"alignnone size-medium wp-image-10176\" src=\"https:\/\/portal.fgeo.gob.mx\/wp-content\/uploads\/2025\/09\/BOLET%C3%8DN-1763.-FGEO-refuerza-cooperaci%C3%B3n-interinstitucional-para-fortalecer-la-seguridad-y-la-paz-social-en-Oaxaca-de-Ju%C3%A1rez16-300x232.jpeg\" alt=\"\" width=\"300\" height=\"232\" \/> <img loading=\"lazy\" decoding=\"async\" class=\"alignnone size-medium wp-image-10177\" src=\"https:\/\/portal.fgeo.gob.mx\/wp-content\/uploads\/2025\/09\/BOLET%C3%8DN-1763.-FGEO-refuerza-cooperaci%C3%B3n-interinstitucional-para-fortalecer-la-seguridad-y-la-paz-social-en-Oaxaca-de-Ju%C3%A1rez15-300x200.jpeg\" alt=\"\" width=\"300\" height=\"200\" \/> <img loading=\"lazy\" decoding=\"async\" class=\"alignnone size-medium wp-image-10175\" src=\"https:\/\/portal.fgeo.gob.mx\/wp-content\/uploads\/2025\/09\/BOLET%C3%8DN-1763.-FGEO-refuerza-cooperaci%C3%B3n-interinstitucional-para-fortalecer-la-seguridad-y-la-paz-social-en-Oaxaca-de-Ju%C3%A1rez17-300x200.jpeg\" alt=\"\" width=\"300\" height=\"200\" \/> <img loading=\"lazy\" decoding=\"async\" class=\"alignnone size-medium wp-image-10184\" src=\"https:\/\/portal.fgeo.gob.mx\/wp-content\/uploads\/2025\/09\/BOLET%C3%8DN-1763.-FGEO-refuerza-cooperaci%C3%B3n-interinstitucional-para-fortalecer-la-seguridad-y-la-paz-social-en-Oaxaca-de-Ju%C3%A1rez9-300x232.jpeg\" alt=\"\" width=\"300\" height=\"232\" \/> <img loading=\"lazy\" decoding=\"async\" class=\"alignnone size-medium wp-image-10185\" src=\"https:\/\/portal.fgeo.gob.mx\/wp-content\/uploads\/2025\/09\/BOLET%C3%8DN-1763.-FGEO-refuerza-cooperaci%C3%B3n-interinstitucional-para-fortalecer-la-seguridad-y-la-paz-social-en-Oaxaca-de-Ju%C3%A1rez7-300x232.jpeg\" alt=\"\" width=\"300\" height=\"232\" \/> <img loading=\"lazy\" decoding=\"async\" class=\"alignnone size-medium wp-image-10179\" src=\"https:\/\/portal.fgeo.gob.mx\/wp-content\/uploads\/2025\/09\/BOLET%C3%8DN-1763.-FGEO-refuerza-cooperaci%C3%B3n-interinstitucional-para-fortalecer-la-seguridad-y-la-paz-social-en-Oaxaca-de-Ju%C3%A1rez13-300x200.jpeg\" alt=\"\" width=\"300\" height=\"200\" \/> <img loading=\"lazy\" decoding=\"async\" class=\"alignnone size-medium wp-image-10180\" src=\"https:\/\/portal.fgeo.gob.mx\/wp-content\/uploads\/2025\/09\/BOLET%C3%8DN-1763.-FGEO-refuerza-cooperaci%C3%B3n-interinstitucional-para-fortalecer-la-seguridad-y-la-paz-social-en-Oaxaca-de-Ju%C3%A1rez12-300x232.jpeg\" alt=\"\" width=\"300\" height=\"232\" \/> <img loading=\"lazy\" decoding=\"async\" class=\"alignnone size-medium wp-image-10186\" src=\"https:\/\/portal.fgeo.gob.mx\/wp-content\/uploads\/2025\/09\/BOLET%C3%8DN-1763.-FGEO-refuerza-cooperaci%C3%B3n-interinstitucional-para-fortalecer-la-seguridad-y-la-paz-social-en-Oaxaca-de-Ju%C3%A1rez6-300x200.jpeg\" alt=\"\" width=\"300\" height=\"200\" \/> <img loading=\"lazy\" decoding=\"async\" class=\"alignnone size-medium wp-image-10183\" src=\"https:\/\/portal.fgeo.gob.mx\/wp-content\/uploads\/2025\/09\/BOLET%C3%8DN-1763.-FGEO-refuerza-cooperaci%C3%B3n-interinstitucional-para-fortalecer-la-seguridad-y-la-paz-social-en-Oaxaca-de-Ju%C3%A1rez8-300x200.jpeg\" alt=\"\" width=\"300\" height=\"200\" \/><\/p>\n","protected":false},"author":2,"featured_media":10187,"comment_status":"closed","ping_status":"closed","template":"","tags":[],"categoria_noticias":[],"class_list":["post-17044","noticias","type-noticias","status-publish","has-post-thumbnail","hentry"],"acf":[],"mb":[],"mfb_rest_fields":["title","gutenberg_elementor_mode"],"_links":{"self":[{"href":"https:\/\/portal.fgeo.gob.mx\/index.php\/wp-json\/wp\/v2\/noticias\/17044","targetHints":{"allow":["GET"]}}],"collection":[{"href":"https:\/\/portal.fgeo.gob.mx\/index.php\/wp-json\/wp\/v2\/noticias"}],"about":[{"href":"https:\/\/portal.fgeo.gob.mx\/index.php\/wp-json\/wp\/v2\/types\/noticias"}],"author":[{"embeddable":true,"href":"https:\/\/portal.fgeo.gob.mx\/index.php\/wp-json\/wp\/v2\/users\/2"}],"replies":[{"embeddable":true,"href":"https:\/\/portal.fgeo.gob.mx\/index.php\/wp-json\/wp\/v2\/comments?post=17044"}],"wp:featuredmedia":[{"embeddable":true,"href":"https:\/\/portal.fgeo.gob.mx\/index.php\/wp-json\/"}],"wp:attachment":[{"href":"https:\/\/portal.fgeo.gob.mx\/index.php\/wp-json\/wp\/v2\/media?parent=17044"}],"wp:term":[{"taxonomy":"post_tag","embeddable":true,"href":"https:\/\/portal.fgeo.gob.mx\/index.php\/wp-json\/wp\/v2\/tags?post=17044"},{"taxonomy":"categoria_noticias","embeddable":true,"href":"https:\/\/portal.fgeo.gob.mx\/index.php\/wp-json\/wp\/v2\/categoria_noticias?post=17044"}],"curies":[{"name":"wp","href":"https:\/\/api.w.org\/{rel}","templated":true}]}}