{"id":17043,"date":"2025-09-19T16:03:03","date_gmt":"2025-09-19T22:03:03","guid":{"rendered":"https:\/\/fge.oaxaca.gob.mx\/?post_type=noticias&amp;p=10157"},"modified":"2025-09-19T16:03:03","modified_gmt":"2025-09-19T22:03:03","slug":"boletin-1762-fgeo-obtiene-vinculacion-a-proceso-de-dos-personas-por-narcomenudeo-luego-de-persecucion-en-la-capital-de-oaxaca","status":"publish","type":"noticias","link":"https:\/\/portal.fgeo.gob.mx\/index.php\/archivos\/noticias\/boletin-1762-fgeo-obtiene-vinculacion-a-proceso-de-dos-personas-por-narcomenudeo-luego-de-persecucion-en-la-capital-de-oaxaca","title":{"rendered":"BOLET\u00cdN 1762.- FGEO obtiene vinculaci\u00f3n a proceso de dos personas por narcomenudeo luego de persecuci\u00f3n en la capital de Oaxaca"},"content":{"rendered":"<p><strong>Oaxaca de Ju\u00e1rez, Oax., a 19 de septiembre\u00a0 de 2025.- <\/strong>\u00a0La Fiscal\u00eda General del Estado de Oaxaca (FGEO) obtuvo vinculaci\u00f3n a proceso y prisi\u00f3n en contra de dos hombres identificados como E. A. G. y A. A. B. N., quienes fueron detenidos derivado de acciones de seguridad y vigilancia implementadas en la capital del estado, imputados por su probable responsabilidad en la comisi\u00f3n de delitos contra la salud.<\/p>\n<p>Los hechos ocurrieron el 9 de septiembre de 2025, cuando elementos de la Polic\u00eda Estatal detectaron a dos personas circulando en una motocicleta a exceso de velocidad en calles del centro de la ciudad de Oaxaca de Ju\u00e1rez.<\/p>\n<p>Al marcarles el alto, \u00e9stos emprendieron la huida, iniciando una persecuci\u00f3n que concluy\u00f3 en inmediaciones de la avenida S\u00edmbolos Patrios.<\/p>\n<p>Durante la intervenci\u00f3n, personal policial asegur\u00f3 diversas dosis de una hierba con caracter\u00edsticas similares a la de la marihuana, adem\u00e1s bolsas pl\u00e1sticas conteniendo dosis de una sustancia similar a la droga conocida como metanfetamina, adem\u00e1s de tel\u00e9fonos celulares.<\/p>\n<p>Por estos hechos, ambos individuos fueron detenidos y puestos a disposici\u00f3n de la autoridad ministerial.<\/p>\n<p>Tras evaluar\u00a0 las pruebas aportadas por la Fiscal\u00eda General del Estado a trav\u00e9s de la Vicefiscal\u00eda Regional de Valles Centrales, el Juez de la causa determin\u00f3 vincular\u00a0 proceso a las dos personas del sexo masculino identificados como E. A. G. y A. A. B. N,<\/p>\n<p>La FGEO reitera su compromiso de combatir los delitos contra la salud y garantizar que los procesos se conduzcan con estricto apego a la legalidad, salvaguardando en todo momento los derechos humanos de las personas imputadas y de la sociedad oaxaque\u00f1a.<\/p>\n<p><img fetchpriority=\"high\" decoding=\"async\" class=\"alignnone size-medium wp-image-10158\" src=\"https:\/\/portal.fgeo.gob.mx\/wp-content\/uploads\/2025\/09\/BOLET%C3%8DN-1762.-FGEO-obtiene-vinculaci%C3%B3n-a-proceso-de-dos-personas-por-narcomenudeo-luego-de-persecuci%C3%B3n-en-la-capital-de-Oaxaca_page-0001-232x300.jpg\" alt=\"\" width=\"232\" height=\"300\" \/> <img decoding=\"async\" class=\"alignnone size-medium wp-image-10159\" src=\"https:\/\/portal.fgeo.gob.mx\/wp-content\/uploads\/2025\/09\/BOLET%C3%8DN-1762.-FGEO-obtiene-vinculaci%C3%B3n-a-proceso-de-dos-personas-por-narcomenudeo-luego-de-persecuci%C3%B3n-en-la-capital-de-Oaxaca1-237x300.jpeg\" alt=\"\" width=\"237\" height=\"300\" \/> <img decoding=\"async\" class=\"alignnone size-medium wp-image-10160\" src=\"https:\/\/portal.fgeo.gob.mx\/wp-content\/uploads\/2025\/09\/BOLET%C3%8DN-1762.-FGEO-obtiene-vinculaci%C3%B3n-a-proceso-de-dos-personas-por-narcomenudeo-luego-de-persecuci%C3%B3n-en-la-capital-de-Oaxaca2-273x300.jpeg\" alt=\"\" width=\"273\" height=\"300\" \/><\/p>\n","protected":false},"author":2,"featured_media":10115,"comment_status":"closed","ping_status":"closed","template":"","tags":[],"categoria_noticias":[],"class_list":["post-17043","noticias","type-noticias","status-publish","has-post-thumbnail","hentry"],"acf":[],"mb":[],"mfb_rest_fields":["title","gutenberg_elementor_mode"],"_links":{"self":[{"href":"https:\/\/portal.fgeo.gob.mx\/index.php\/wp-json\/wp\/v2\/noticias\/17043","targetHints":{"allow":["GET"]}}],"collection":[{"href":"https:\/\/portal.fgeo.gob.mx\/index.php\/wp-json\/wp\/v2\/noticias"}],"about":[{"href":"https:\/\/portal.fgeo.gob.mx\/index.php\/wp-json\/wp\/v2\/types\/noticias"}],"author":[{"embeddable":true,"href":"https:\/\/portal.fgeo.gob.mx\/index.php\/wp-json\/wp\/v2\/users\/2"}],"replies":[{"embeddable":true,"href":"https:\/\/portal.fgeo.gob.mx\/index.php\/wp-json\/wp\/v2\/comments?post=17043"}],"wp:featuredmedia":[{"embeddable":true,"href":"https:\/\/portal.fgeo.gob.mx\/index.php\/wp-json\/"}],"wp:attachment":[{"href":"https:\/\/portal.fgeo.gob.mx\/index.php\/wp-json\/wp\/v2\/media?parent=17043"}],"wp:term":[{"taxonomy":"post_tag","embeddable":true,"href":"https:\/\/portal.fgeo.gob.mx\/index.php\/wp-json\/wp\/v2\/tags?post=17043"},{"taxonomy":"categoria_noticias","embeddable":true,"href":"https:\/\/portal.fgeo.gob.mx\/index.php\/wp-json\/wp\/v2\/categoria_noticias?post=17043"}],"curies":[{"name":"wp","href":"https:\/\/api.w.org\/{rel}","templated":true}]}}