{"id":17042,"date":"2025-09-19T13:43:39","date_gmt":"2025-09-19T19:43:39","guid":{"rendered":"https:\/\/fge.oaxaca.gob.mx\/?post_type=noticias&amp;p=10155"},"modified":"2025-09-19T13:43:39","modified_gmt":"2025-09-19T19:43:39","slug":"boletin-1761-fiscalia-de-oaxaca-establece-lineas-de-investigacion-por-agresion-en-la-que-perdio-la-vida-una-adolescente-en-el-istmo","status":"publish","type":"noticias","link":"https:\/\/portal.fgeo.gob.mx\/index.php\/archivos\/noticias\/boletin-1761-fiscalia-de-oaxaca-establece-lineas-de-investigacion-por-agresion-en-la-que-perdio-la-vida-una-adolescente-en-el-istmo","title":{"rendered":"BOLET\u00cdN 1761.- Fiscal\u00eda de Oaxaca establece l\u00edneas de investigaci\u00f3n por agresi\u00f3n en la que perdi\u00f3 la vida una adolescente en el Istmo"},"content":{"rendered":"<p><strong>Oaxaca de Ju\u00e1rez, Oax., a 19 de septiembre\u00a0 de 2025.- <\/strong>\u00a0La Fiscal\u00eda General del Estado de Oaxaca (FGEO) define y fortalece las l\u00edneas de investigaci\u00f3n por los hechos en los que perdi\u00f3 la vida una adolescente, en el Istmo de Tehuantepec, derivado de lo cual se activ\u00f3 el Protocolo de Investigaci\u00f3n Ministerial, Policial y Pericial del Delito de Feminicidio.<\/p>\n<p>Como parte de los avances en las labores ministeriales, se cuenta con informaci\u00f3n preliminar sobre los responsables, quienes viajaban a bordo de una motocicleta.<\/p>\n<p>De acuerdo con las primeras diligencias, los hechos tuvieron lugar la noche del 18 de septiembre, cuando la v\u00edctima \u2014cuyos datos se reservan por ley\u2014 fue atacada con disparos de arma de fuego, cuando se encontraba en calles de la agencia de San Crist\u00f3bal, perteneciente a Jalapa del Marqu\u00e9s.<\/p>\n<p>La Vicefiscal\u00eda Regional del Istmo despleg\u00f3 a personal ministerial y\u00a0 pericial para realizar las diligencias iniciales para procesar el lugar de los hechos.<\/p>\n<p>Estos actos de investigaci\u00f3n se llevan a cabo considerando el enfoque de perspectiva de g\u00e9nero, as\u00ed como de infancia y adolescencia, dada la condici\u00f3n de la v\u00edctima y el contexto particular del caso.<\/p>\n<p>La Fiscal\u00eda General del Estado de Oaxaca reitera su compromiso de investigar con debida diligencia, enfoque diferenciado e integralidad, a fin de presentar ante la justicia a quien o quienes resulten responsables, garantizando en todo momento el acceso a la justicia y la protecci\u00f3n de los derechos de las mujeres, ni\u00f1as, ni\u00f1os y adolescentes.<\/p>\n<p><img fetchpriority=\"high\" decoding=\"async\" class=\"alignnone size-medium wp-image-10156\" src=\"https:\/\/portal.fgeo.gob.mx\/wp-content\/uploads\/2025\/09\/BOLET%C3%8DN-1761.-Fiscal%C3%ADa-de-Oaxaca-establece-l%C3%ADneas-de-investigaci%C3%B3n-por-agresi%C3%B3n-en-la-que-perdi%C3%B3-la-vida-una-adolescente-en-el-Istmo_page-0001-232x300.jpg\" alt=\"\" width=\"232\" height=\"300\" \/><\/p>\n","protected":false},"author":2,"featured_media":0,"comment_status":"closed","ping_status":"closed","template":"","tags":[],"categoria_noticias":[],"class_list":["post-17042","noticias","type-noticias","status-publish","hentry"],"acf":[],"mb":[],"mfb_rest_fields":["title","gutenberg_elementor_mode"],"_links":{"self":[{"href":"https:\/\/portal.fgeo.gob.mx\/index.php\/wp-json\/wp\/v2\/noticias\/17042","targetHints":{"allow":["GET"]}}],"collection":[{"href":"https:\/\/portal.fgeo.gob.mx\/index.php\/wp-json\/wp\/v2\/noticias"}],"about":[{"href":"https:\/\/portal.fgeo.gob.mx\/index.php\/wp-json\/wp\/v2\/types\/noticias"}],"author":[{"embeddable":true,"href":"https:\/\/portal.fgeo.gob.mx\/index.php\/wp-json\/wp\/v2\/users\/2"}],"replies":[{"embeddable":true,"href":"https:\/\/portal.fgeo.gob.mx\/index.php\/wp-json\/wp\/v2\/comments?post=17042"}],"wp:attachment":[{"href":"https:\/\/portal.fgeo.gob.mx\/index.php\/wp-json\/wp\/v2\/media?parent=17042"}],"wp:term":[{"taxonomy":"post_tag","embeddable":true,"href":"https:\/\/portal.fgeo.gob.mx\/index.php\/wp-json\/wp\/v2\/tags?post=17042"},{"taxonomy":"categoria_noticias","embeddable":true,"href":"https:\/\/portal.fgeo.gob.mx\/index.php\/wp-json\/wp\/v2\/categoria_noticias?post=17042"}],"curies":[{"name":"wp","href":"https:\/\/api.w.org\/{rel}","templated":true}]}}