{"id":17040,"date":"2025-09-18T15:02:19","date_gmt":"2025-09-18T21:02:19","guid":{"rendered":"https:\/\/fge.oaxaca.gob.mx\/?post_type=noticias&amp;p=10151"},"modified":"2025-09-18T15:02:19","modified_gmt":"2025-09-18T21:02:19","slug":"boletin-1759-fiscalia-de-oaxaca-procesa-a-detenido-y-realiza-trabajos-periciales-por-accidente-en-el-que-perdieron-la-vida-dos-personas-en-animas-trujano","status":"publish","type":"noticias","link":"https:\/\/portal.fgeo.gob.mx\/index.php\/archivos\/noticias\/boletin-1759-fiscalia-de-oaxaca-procesa-a-detenido-y-realiza-trabajos-periciales-por-accidente-en-el-que-perdieron-la-vida-dos-personas-en-animas-trujano","title":{"rendered":"BOLET\u00cdN 1,759.-    Fiscal\u00eda de Oaxaca procesa a detenido y realiza trabajos periciales por accidente en el que perdieron la vida dos personas en \u00c1nimas Trujano"},"content":{"rendered":"<p><strong>\u00a0<\/strong><\/p>\n<p><strong>Oaxaca de Ju\u00e1rez, Oax. 18 de septiembre de 2025.- <\/strong>La Fiscal\u00eda General del Estado de Oaxaca lleva a cabo los trabajos periciales en diferentes especialidades forenses, adem\u00e1s de realizar los trabajos ministeriales por la detenci\u00f3n de una persona del sexo masculino, derivado de un accidente vial ocurrido en la carretera federal 175 en \u00c1nimas Trujano, en el cual perdieron la vida dos personas.<\/p>\n<p>&nbsp;<\/p>\n<p>Los hechos ocurrieron la tarde de este 17 de septiembre de 2025, sobre la carretera federal 175 Oaxaca \u2013 Puerto \u00c1ngel, en la jurisdicci\u00f3n de \u00c1nimas Trujano, cuando un veh\u00edculo tipo volteo y un mototaxi se impactaron, lo que provoc\u00f3 el fallecimiento de dos personas.<\/p>\n<p>&nbsp;<\/p>\n<p>Por estos hechos la Fiscal\u00eda de Oaxaca realiz\u00f3 la detenci\u00f3n de una persona del sexo masculino identificado como J.G.S., quien conduc\u00eda el cami\u00f3n de volteo y qued\u00f3 a disposici\u00f3n del Agente del Ministerio P\u00fablico que est\u00e1 dentro del t\u00e9rmino legal de 48 horas para determinar su situaci\u00f3n jur\u00eddica<\/p>\n<p>&nbsp;<\/p>\n<p>En tanto que, la Fiscal\u00eda General del Estado de Oaxaca inici\u00f3 investigaciones correspondientes a trav\u00e9s de la Vicefiscal\u00eda de Valles Centrales, por lo que personal especializado realiza los peritajes correspondientes para establecer la mec\u00e1nica de los hechos y deslindar responsabilidades.<\/p>\n<p>&nbsp;<\/p>\n<p>La Fiscal\u00eda de Oaxaca est\u00e1 comprometida con la realizaci\u00f3n de investigaciones efectivas a trav\u00e9s de un trabajo especializado y cient\u00edfico que permita dar certeza a las v\u00edctimas.<\/p>\n<p><img fetchpriority=\"high\" decoding=\"async\" class=\"alignnone size-medium wp-image-10152\" src=\"https:\/\/portal.fgeo.gob.mx\/wp-content\/uploads\/2025\/09\/WhatsApp-Image-2025-09-18-at-2.07.05-PM-300x259.jpeg\" alt=\"\" width=\"300\" height=\"259\" \/><\/p>\n","protected":false},"author":2,"featured_media":10115,"comment_status":"closed","ping_status":"closed","template":"","tags":[],"categoria_noticias":[],"class_list":["post-17040","noticias","type-noticias","status-publish","has-post-thumbnail","hentry"],"acf":[],"mb":[],"mfb_rest_fields":["title","gutenberg_elementor_mode"],"_links":{"self":[{"href":"https:\/\/portal.fgeo.gob.mx\/index.php\/wp-json\/wp\/v2\/noticias\/17040","targetHints":{"allow":["GET"]}}],"collection":[{"href":"https:\/\/portal.fgeo.gob.mx\/index.php\/wp-json\/wp\/v2\/noticias"}],"about":[{"href":"https:\/\/portal.fgeo.gob.mx\/index.php\/wp-json\/wp\/v2\/types\/noticias"}],"author":[{"embeddable":true,"href":"https:\/\/portal.fgeo.gob.mx\/index.php\/wp-json\/wp\/v2\/users\/2"}],"replies":[{"embeddable":true,"href":"https:\/\/portal.fgeo.gob.mx\/index.php\/wp-json\/wp\/v2\/comments?post=17040"}],"wp:featuredmedia":[{"embeddable":true,"href":"https:\/\/portal.fgeo.gob.mx\/index.php\/wp-json\/"}],"wp:attachment":[{"href":"https:\/\/portal.fgeo.gob.mx\/index.php\/wp-json\/wp\/v2\/media?parent=17040"}],"wp:term":[{"taxonomy":"post_tag","embeddable":true,"href":"https:\/\/portal.fgeo.gob.mx\/index.php\/wp-json\/wp\/v2\/tags?post=17040"},{"taxonomy":"categoria_noticias","embeddable":true,"href":"https:\/\/portal.fgeo.gob.mx\/index.php\/wp-json\/wp\/v2\/categoria_noticias?post=17040"}],"curies":[{"name":"wp","href":"https:\/\/api.w.org\/{rel}","templated":true}]}}