{"id":17038,"date":"2025-09-17T18:00:26","date_gmt":"2025-09-18T00:00:26","guid":{"rendered":"https:\/\/fge.oaxaca.gob.mx\/?post_type=noticias&amp;p=10121"},"modified":"2025-09-17T18:00:26","modified_gmt":"2025-09-18T00:00:26","slug":"boletin-1756-fgeo-fortalece-operativo-interinstitucional-para-localizar-a-una-persona-en-santiago-amoltepec","status":"publish","type":"noticias","link":"https:\/\/portal.fgeo.gob.mx\/index.php\/archivos\/noticias\/boletin-1756-fgeo-fortalece-operativo-interinstitucional-para-localizar-a-una-persona-en-santiago-amoltepec","title":{"rendered":"BOLET\u00cdN 1,756.- FGEO fortalece operativo interinstitucional para localizar a una persona en Santiago Amoltepec"},"content":{"rendered":"<p><strong>Oaxaca de Ju\u00e1rez, Oax., a 17 de septiembre\u00a0 de 2025.- <\/strong>\u00a0En coordinaci\u00f3n con autoridades estatales y federales, la Fiscal\u00eda General del Estado de Oaxaca (FGEO)\u00a0 implementa un operativo de b\u00fasqueda y localizaci\u00f3n de Jos\u00e9 Santiago Guti\u00e9rrez, de 62 a\u00f1os, mediante acciones estrat\u00e9gicas realizadas por equipos multidisciplinarios en Santiago Amoltepec.<\/p>\n<p>La FGEO tuvo conocimiento de que Jos\u00e9 Santiago Guti\u00e9rrez fue visto por \u00faltima vez el 14 de septiembre de 2025 en el paraje denominado \u201cR\u00edo Algod\u00f3n\u201d, perteneciente a Santiago Amoltepec.<\/p>\n<p>Derivado de ello, el organismo procurador de justicia, en colaboraci\u00f3n con la Comisi\u00f3n Estatal de B\u00fasqueda, la Guardia Nacional, la Polic\u00eda Estatal, la Coordinaci\u00f3n de Delegados de Paz de la Secretar\u00eda de Gobierno y la Direcci\u00f3n General del Hangar, pusieron en marcha un operativo interinstitucional con el objetivo de dar con su paradero.<\/p>\n<p>A trav\u00e9s de la Unidad de B\u00fasqueda de Personas No Localizadas y la Unidad Especializada en Desaparici\u00f3n Forzada, ambas dependientes de la Vicefiscal\u00eda General de Atenci\u00f3n a V\u00edctimas y la Sociedad, se desarrollan investigaciones ministeriales con un enfoque diferenciado, considerando las particularidades de la v\u00edctima y su contexto, a fin de identificar riesgos y vulnerabilidades que orienten las acciones de b\u00fasqueda.<\/p>\n<p>Las labores comprenden recorridos terrestres y sobrevuelos en el municipio de Santiago Amoltepec y comunidades aleda\u00f1as, efectuados conforme a los protocolos especializados, con la participaci\u00f3n de equipos multidisciplinarios.<\/p>\n<p>Estas acciones se sustentan en informaci\u00f3n obtenida a partir de trabajos de inteligencia, lo que permite establecer directrices para focalizar las zonas de b\u00fasqueda y fortalecer las tareas de localizaci\u00f3n.<\/p>\n<p>La Fiscal\u00eda de Oaxaca lleva a cabo una labor integral, que articula tanto la intervenci\u00f3n de especialistas como la coordinaci\u00f3n operativa y log\u00edstica necesarias para robustecer las capacidades institucionales.<\/p>\n<p>La FGEO reitera su compromiso de agotar todas las acciones que conduzcan a la localizaci\u00f3n de personas reportadas como No Localizadas, garantizando que cada proceso se desarrolla con estricto apego a los protocolos de b\u00fasqueda, con el prop\u00f3sito de brindar certeza y atenci\u00f3n tanto a las v\u00edctimas directas e indirectas, es decir, sus familias.<\/p>\n\n\n<p><img fetchpriority=\"high\" decoding=\"async\" class=\"alignnone size-medium wp-image-10124\" src=\"https:\/\/portal.fgeo.gob.mx\/wp-content\/uploads\/2025\/09\/BOLET%C3%8DN-1756.-FGEO-fortalece-operativo-interinstitucional-para-localizar-a-una-persona-en-Santiago-Amoltepec6-300x225.jpeg\" alt=\"\" width=\"300\" height=\"225\" \/> <img decoding=\"async\" class=\"alignnone size-medium wp-image-10125\" src=\"https:\/\/portal.fgeo.gob.mx\/wp-content\/uploads\/2025\/09\/BOLET%C3%8DN-1756.-FGEO-fortalece-operativo-interinstitucional-para-localizar-a-una-persona-en-Santiago-Amoltepec5-300x225.jpeg\" alt=\"\" width=\"300\" height=\"225\" \/> <img decoding=\"async\" class=\"alignnone size-medium wp-image-10126\" src=\"https:\/\/portal.fgeo.gob.mx\/wp-content\/uploads\/2025\/09\/BOLET%C3%8DN-1756.-FGEO-fortalece-operativo-interinstitucional-para-localizar-a-una-persona-en-Santiago-Amoltepec4-226x300.jpeg\" alt=\"\" width=\"226\" height=\"300\" \/> <img loading=\"lazy\" decoding=\"async\" class=\"alignnone size-medium wp-image-10127\" src=\"https:\/\/portal.fgeo.gob.mx\/wp-content\/uploads\/2025\/09\/BOLET%C3%8DN-1756.-FGEO-fortalece-operativo-interinstitucional-para-localizar-a-una-persona-en-Santiago-Amoltepec3-300x225.jpeg\" alt=\"\" width=\"300\" height=\"225\" \/> <img loading=\"lazy\" decoding=\"async\" class=\"alignnone size-medium wp-image-10128\" src=\"https:\/\/portal.fgeo.gob.mx\/wp-content\/uploads\/2025\/09\/BOLET%C3%8DN-1756.-FGEO-fortalece-operativo-interinstitucional-para-localizar-a-una-persona-en-Santiago-Amoltepec2-300x225.jpeg\" alt=\"\" width=\"300\" height=\"225\" \/> <img loading=\"lazy\" decoding=\"async\" class=\"alignnone size-medium wp-image-10129\" src=\"https:\/\/portal.fgeo.gob.mx\/wp-content\/uploads\/2025\/09\/BOLET%C3%8DN-1756.-FGEO-fortalece-operativo-interinstitucional-para-localizar-a-una-persona-en-Santiago-Amoltepec1-182x300.jpeg\" alt=\"\" width=\"182\" height=\"300\" \/><\/p>\n<p>&nbsp;<\/p>\n","protected":false},"author":2,"featured_media":10115,"comment_status":"closed","ping_status":"closed","template":"","tags":[],"categoria_noticias":[],"class_list":["post-17038","noticias","type-noticias","status-publish","has-post-thumbnail","hentry"],"acf":[],"mb":[],"mfb_rest_fields":["title","gutenberg_elementor_mode"],"_links":{"self":[{"href":"https:\/\/portal.fgeo.gob.mx\/index.php\/wp-json\/wp\/v2\/noticias\/17038","targetHints":{"allow":["GET"]}}],"collection":[{"href":"https:\/\/portal.fgeo.gob.mx\/index.php\/wp-json\/wp\/v2\/noticias"}],"about":[{"href":"https:\/\/portal.fgeo.gob.mx\/index.php\/wp-json\/wp\/v2\/types\/noticias"}],"author":[{"embeddable":true,"href":"https:\/\/portal.fgeo.gob.mx\/index.php\/wp-json\/wp\/v2\/users\/2"}],"replies":[{"embeddable":true,"href":"https:\/\/portal.fgeo.gob.mx\/index.php\/wp-json\/wp\/v2\/comments?post=17038"}],"wp:featuredmedia":[{"embeddable":true,"href":"https:\/\/portal.fgeo.gob.mx\/index.php\/wp-json\/"}],"wp:attachment":[{"href":"https:\/\/portal.fgeo.gob.mx\/index.php\/wp-json\/wp\/v2\/media?parent=17038"}],"wp:term":[{"taxonomy":"post_tag","embeddable":true,"href":"https:\/\/portal.fgeo.gob.mx\/index.php\/wp-json\/wp\/v2\/tags?post=17038"},{"taxonomy":"categoria_noticias","embeddable":true,"href":"https:\/\/portal.fgeo.gob.mx\/index.php\/wp-json\/wp\/v2\/categoria_noticias?post=17038"}],"curies":[{"name":"wp","href":"https:\/\/api.w.org\/{rel}","templated":true}]}}