{"id":17036,"date":"2025-09-17T14:18:06","date_gmt":"2025-09-17T20:18:06","guid":{"rendered":"https:\/\/fge.oaxaca.gob.mx\/?post_type=noticias&amp;p=10116"},"modified":"2025-09-17T14:18:06","modified_gmt":"2025-09-17T20:18:06","slug":"boletin-1755-en-accion-inmediata-de-la-aei-capturan-a-tres-personas-tras-persecucion-y-agresion-que-dejo-tres-heridos-entre-ellos-un-bebe-fiscalia-de-oaxaca","status":"publish","type":"noticias","link":"https:\/\/portal.fgeo.gob.mx\/index.php\/archivos\/noticias\/boletin-1755-en-accion-inmediata-de-la-aei-capturan-a-tres-personas-tras-persecucion-y-agresion-que-dejo-tres-heridos-entre-ellos-un-bebe-fiscalia-de-oaxaca","title":{"rendered":"BOLET\u00cdN 1,755.- En acci\u00f3n inmediata de la AEI, capturan a tres personas tras persecuci\u00f3n y agresi\u00f3n que dej\u00f3 tres heridos entre ellos un beb\u00e9: Fiscal\u00eda de Oaxaca"},"content":{"rendered":"<p><strong>Oaxaca de Ju\u00e1rez, Oax., a 17 de septiembre\u00a0 de 2025.- <\/strong>\u00a0Labores de inteligencia criminal permitieron que la Fiscal\u00eda General del Estado de Oaxaca detuviera a tres personas relacionadas con el delito de homicidio calificado en grado de tentativa y por portaci\u00f3n de arma de fuego. Estos hechos ocurrieron en la regi\u00f3n del Istmo de Tehuantepec en los que resultaron lesionados\u00a0 tres personas, entre ellas un beb\u00e9.<\/p>\n<p>De acuerdo con la carpeta de investigaci\u00f3n, los hechos ocurrieron el 15 de septiembre, cuando elementos de la Agencia Estatal de Investigaciones (AEI) circulaban sobre la carretera\u00a0 internacional 190, en Santo Domingo Tehuantepec, cuando escucharon detonaciones de armas de fuego.<\/p>\n<p>Al aproximarse al lugar, ubicaron un veh\u00edculo en movimiento desde el cual se realizaban disparos en contra de una persona del sexo masculino, lo que provoc\u00f3 que tambi\u00e9n resultaran heridos una mujer y un beb\u00e9.<\/p>\n<p>Debido a esto, los elementos de la Agencia Estatal de Investigaciones iniciaron la persecuci\u00f3n del veh\u00edculo, que se dirigi\u00f3 al centro de Santo Domingo Tehuantepec con rumbo a Juchit\u00e1n.<\/p>\n<p>La unidad se desvi\u00f3 hacia un camino de terracer\u00eda, donde finalmente detuvo la marcha y descendieron personas del sexo masculino, quienes abrieron fuego en contra de los agentes, quienes repelieron la agresi\u00f3n y lograron la detenci\u00f3n de tres personas.<\/p>\n<p>Personal de la Vicefiscal\u00eda Regional del Istmo, junto con elementos de la Agencia Estatal de Investigaciones, adem\u00e1s de la Secretar\u00eda de la Defensa (DEFENSA) y la Polic\u00eda Estatal\u00a0 detuvieron a las tres personas identificadas como R.H.V., J.J.R.G. y J.S.S., quienes fueron puestos a disposici\u00f3n de la autoridad correspondiente para que se determine su situaci\u00f3n jur\u00eddica.<\/p>\n<p>Asimismo, aseguraron dos armas de fuego y un veh\u00edculo con reporte de robo.<\/p>\n<p>La Fiscal\u00eda General del Estado de Oaxaca reafirma que las labores de investigaci\u00f3n y persecuci\u00f3n penal forman parte de la estrategia integral para combatir los delitos de alto impacto, con el objetivo de fortalecer la seguridad p\u00fablica y garantizar justicia a la ciudadan\u00eda.<\/p>\n<p><img fetchpriority=\"high\" decoding=\"async\" class=\"alignnone size-medium wp-image-10117\" src=\"https:\/\/portal.fgeo.gob.mx\/wp-content\/uploads\/2025\/09\/BOLET%C3%8DN-1755.-En-acci%C3%B3n-inmediata-de-la-AEI-capturan-a-tres-personas-tras-persecuci%C3%B3n-y-agresi%C3%B3n-que-dej%C3%B3-tres-heridos-entre-ellos-un-beb%C3%A9-Fiscal%C3%ADa-de-Oaxaca1-300x271.jpeg\" alt=\"\" width=\"300\" height=\"271\" \/> <img decoding=\"async\" class=\"alignnone size-medium wp-image-10118\" src=\"https:\/\/portal.fgeo.gob.mx\/wp-content\/uploads\/2025\/09\/BOLET%C3%8DN-1755.-En-acci%C3%B3n-inmediata-de-la-AEI-capturan-a-tres-personas-tras-persecuci%C3%B3n-y-agresi%C3%B3n-que-dej%C3%B3-tres-heridos-entre-ellos-un-beb%C3%A9-Fiscal%C3%ADa-de-Oaxaca2-300x257.jpeg\" alt=\"\" width=\"300\" height=\"257\" \/><\/p>\n<p>&nbsp;<\/p>\n","protected":false},"author":2,"featured_media":10115,"comment_status":"closed","ping_status":"closed","template":"","tags":[],"categoria_noticias":[],"class_list":["post-17036","noticias","type-noticias","status-publish","has-post-thumbnail","hentry"],"acf":[],"mb":[],"mfb_rest_fields":["title","gutenberg_elementor_mode"],"_links":{"self":[{"href":"https:\/\/portal.fgeo.gob.mx\/index.php\/wp-json\/wp\/v2\/noticias\/17036","targetHints":{"allow":["GET"]}}],"collection":[{"href":"https:\/\/portal.fgeo.gob.mx\/index.php\/wp-json\/wp\/v2\/noticias"}],"about":[{"href":"https:\/\/portal.fgeo.gob.mx\/index.php\/wp-json\/wp\/v2\/types\/noticias"}],"author":[{"embeddable":true,"href":"https:\/\/portal.fgeo.gob.mx\/index.php\/wp-json\/wp\/v2\/users\/2"}],"replies":[{"embeddable":true,"href":"https:\/\/portal.fgeo.gob.mx\/index.php\/wp-json\/wp\/v2\/comments?post=17036"}],"wp:featuredmedia":[{"embeddable":true,"href":"https:\/\/portal.fgeo.gob.mx\/index.php\/wp-json\/"}],"wp:attachment":[{"href":"https:\/\/portal.fgeo.gob.mx\/index.php\/wp-json\/wp\/v2\/media?parent=17036"}],"wp:term":[{"taxonomy":"post_tag","embeddable":true,"href":"https:\/\/portal.fgeo.gob.mx\/index.php\/wp-json\/wp\/v2\/tags?post=17036"},{"taxonomy":"categoria_noticias","embeddable":true,"href":"https:\/\/portal.fgeo.gob.mx\/index.php\/wp-json\/wp\/v2\/categoria_noticias?post=17036"}],"curies":[{"name":"wp","href":"https:\/\/api.w.org\/{rel}","templated":true}]}}