{"id":17035,"date":"2025-09-17T12:10:29","date_gmt":"2025-09-17T18:10:29","guid":{"rendered":"https:\/\/fge.oaxaca.gob.mx\/?post_type=noticias&amp;p=10113"},"modified":"2025-09-17T12:10:29","modified_gmt":"2025-09-17T18:10:29","slug":"boletin-1754-fiscalia-de-oaxaca-obtiene-vinculacion-a-proceso-contra-detenido-en-cateo-contra-la-venta-de-drogas-en-la-costa","status":"publish","type":"noticias","link":"https:\/\/portal.fgeo.gob.mx\/index.php\/archivos\/noticias\/boletin-1754-fiscalia-de-oaxaca-obtiene-vinculacion-a-proceso-contra-detenido-en-cateo-contra-la-venta-de-drogas-en-la-costa","title":{"rendered":"BOLET\u00cdN 1,754.- Fiscal\u00eda de Oaxaca obtiene vinculaci\u00f3n a proceso contra detenido en cateo contra la venta de drogas, en la Costa"},"content":{"rendered":"<p>&nbsp;<\/p>\n<p><strong>Oaxaca de Ju\u00e1rez, Oax. 17 de septiembre de 2025.- <\/strong>Derivado de investigaciones ministeriales para el combate a la venta y distribuci\u00f3n de drogas, la Fiscal\u00eda General del Estado de Oaxaca (FGEO) obtuvo la vinculaci\u00f3n a proceso y prisi\u00f3n contra una persona del sexo masculino identificado como E.H.G, que fue detenido a trav\u00e9s de un cateo en la regi\u00f3n de la Costa.<\/p>\n<p>&nbsp;<\/p>\n<p>Este despliegue policial coordinado por elementos de la Agencia Estatal de Investigaciones (AEI) de la Vicefiscal\u00eda Regional de la Costa, se realiz\u00f3 en un domicilio ubicado en calles de la localidad de La Lagunilla perteneciente a Santa Mar\u00eda Colotepec.<\/p>\n<p>&nbsp;<\/p>\n<p>Durante la inspecci\u00f3n, adem\u00e1s de la captura de E.H.G., los agentes ministeriales lograron el aseguramiento de diversas bolsas que conten\u00edan hierba seca caracter\u00edsticas a la marihuana, as\u00ed como otros indicios constitutivos de delitos.<\/p>\n<p>&nbsp;<\/p>\n<p>Tras el desahogo de pruebas aportadas por la Fiscal\u00eda de Oaxaca, el Juez de la causa dict\u00f3 auto de vinculaci\u00f3n a proceso en contra del imputado por el delito contra la salud, adem\u00e1s de imponer las medidas correspondientes y otorgar un plazo de un mes para el cierre de la investigaci\u00f3n complementaria.<\/p>\n<p>&nbsp;<\/p>\n<p>Las labores de inteligencia que realiza la Fiscal\u00eda de Oaxaca dan certeza a las investigaciones ministeriales por diversos delitos, adem\u00e1s que permiten fortalecer la estrategia estatal de seguridad p\u00fablica y procuraci\u00f3n de justicia a favor de la ciudadan\u00eda en las diferentes regiones de la entidad.<\/p>\n<figure id=\"attachment_10114\" aria-describedby=\"caption-attachment-10114\" style=\"width: 295px\" class=\"wp-caption alignnone\"><img fetchpriority=\"high\" decoding=\"async\" class=\"size-medium wp-image-10114\" src=\"https:\/\/portal.fgeo.gob.mx\/wp-content\/uploads\/2025\/09\/Dise%C3%B1o-sin-t%C3%ADtulo-18-295x300.jpg\" alt=\"\" width=\"295\" height=\"300\" \/><figcaption id=\"caption-attachment-10114\" class=\"wp-caption-text\">Dise\u00f1o sin t\u00edtulo &#8211; 1<\/figcaption><\/figure>\n<p>&nbsp;<\/p>\n","protected":false},"author":2,"featured_media":10115,"comment_status":"closed","ping_status":"closed","template":"","tags":[],"categoria_noticias":[],"class_list":["post-17035","noticias","type-noticias","status-publish","has-post-thumbnail","hentry"],"acf":[],"mb":[],"mfb_rest_fields":["title","gutenberg_elementor_mode"],"_links":{"self":[{"href":"https:\/\/portal.fgeo.gob.mx\/index.php\/wp-json\/wp\/v2\/noticias\/17035","targetHints":{"allow":["GET"]}}],"collection":[{"href":"https:\/\/portal.fgeo.gob.mx\/index.php\/wp-json\/wp\/v2\/noticias"}],"about":[{"href":"https:\/\/portal.fgeo.gob.mx\/index.php\/wp-json\/wp\/v2\/types\/noticias"}],"author":[{"embeddable":true,"href":"https:\/\/portal.fgeo.gob.mx\/index.php\/wp-json\/wp\/v2\/users\/2"}],"replies":[{"embeddable":true,"href":"https:\/\/portal.fgeo.gob.mx\/index.php\/wp-json\/wp\/v2\/comments?post=17035"}],"wp:featuredmedia":[{"embeddable":true,"href":"https:\/\/portal.fgeo.gob.mx\/index.php\/wp-json\/"}],"wp:attachment":[{"href":"https:\/\/portal.fgeo.gob.mx\/index.php\/wp-json\/wp\/v2\/media?parent=17035"}],"wp:term":[{"taxonomy":"post_tag","embeddable":true,"href":"https:\/\/portal.fgeo.gob.mx\/index.php\/wp-json\/wp\/v2\/tags?post=17035"},{"taxonomy":"categoria_noticias","embeddable":true,"href":"https:\/\/portal.fgeo.gob.mx\/index.php\/wp-json\/wp\/v2\/categoria_noticias?post=17035"}],"curies":[{"name":"wp","href":"https:\/\/api.w.org\/{rel}","templated":true}]}}