{"id":17034,"date":"2025-09-17T08:30:14","date_gmt":"2025-09-17T14:30:14","guid":{"rendered":"https:\/\/fge.oaxaca.gob.mx\/?post_type=noticias&amp;p=10105"},"modified":"2025-09-17T08:30:14","modified_gmt":"2025-09-17T14:30:14","slug":"boletin-1753-fiscalia-de-oaxaca-ejecuta-orden-de-aprehension-por-privacion-a-la-vida-de-un-animal-vertebrado-luego-que-dispararon-contra-un-perro","status":"publish","type":"noticias","link":"https:\/\/portal.fgeo.gob.mx\/index.php\/archivos\/noticias\/boletin-1753-fiscalia-de-oaxaca-ejecuta-orden-de-aprehension-por-privacion-a-la-vida-de-un-animal-vertebrado-luego-que-dispararon-contra-un-perro","title":{"rendered":"BOLET\u00cdN 1,753.- Fiscal\u00eda de Oaxaca ejecuta orden de aprehensi\u00f3n por privaci\u00f3n a la vida de un animal vertebrado, luego que dispararon contra un perro"},"content":{"rendered":"<p>&nbsp;<\/p>\n<p><strong>Oaxaca de Ju\u00e1rez, Oax. 17 de septiembre de 2025.- <\/strong>Por el delito de crueldad en su hip\u00f3tesis de privaci\u00f3n a la vida un animal vertebrado (perro), la Fiscal\u00eda General del Estado de Oaxaca (FGEO) ejecut\u00f3 una orden de aprehensi\u00f3n que permiti\u00f3 la detenci\u00f3n de una persona del sexo masculino identificada como B.J.C.D., imputado por agredir con un arma de fuego a un perro para privarlo de la vida.<\/p>\n<p>&nbsp;<\/p>\n<p>De acuerdo con la carpeta de investigaci\u00f3n, los hechos ocurrieron el 05 de marzo de 2025, cuando ciudadanos alertaron sobre el hallazgo del cuerpo de un perro que hab\u00edan sido privado de la vida con disparos de arma de fuego, se encontraba en el interior de un domicilio ubicado en la avenida Jes\u00fas Carranza, de la colonia L\u00e1zaro C\u00e1rdenas del R\u00edo de la ciudad de San Juan Bautista Tuxtepec, en la regi\u00f3n de la Cuenca.<\/p>\n<p>&nbsp;<\/p>\n<p>La denuncia asentada en el expediente penal detalla que, el animal vertebrado conocido como &#8220;Lomito&#8221;, una vez privado de la vida, fue arrastrado y sacado a la calle por su agresor, hechos que son constitutivos del delito de crueldad animal.<\/p>\n<p>&nbsp;<\/p>\n<p>Una vez que la FGEO tom\u00f3 conocimiento del caso, inici\u00f3 las investigaciones ministeriales a trav\u00e9s de la Unidad Operativa Especializada contra la Crueldad Animal y de la Vicefiscal\u00eda Regional de la Cuenca que desplegaron un equipo multidisciplinario especializado, que permiti\u00f3 obtener los indicios para solicitar ante el juez la orden de aprehensi\u00f3n, la cual fue ejecutada por Agentes Estatales de Investigaci\u00f3n (AEI).<\/p>\n<p>&nbsp;<\/p>\n<p>Tras ser detenido, B.J.C.D. fue presentado ante la autoridad competente para su certificaci\u00f3n m\u00e9dica y posteriormente su proceso legal correspondiente.<\/p>\n<p>&nbsp;<\/p>\n<p>La Fiscal\u00eda General de Justicia refrenda su compromiso de atender los casos de delitos cometidos en contra de animales vertebrados, acciones dentro de la estrategia integral de combate al fen\u00f3meno delictivo.<\/p>\n","protected":false},"author":2,"featured_media":10029,"comment_status":"closed","ping_status":"closed","template":"","tags":[],"categoria_noticias":[],"class_list":["post-17034","noticias","type-noticias","status-publish","has-post-thumbnail","hentry"],"acf":[],"mb":[],"mfb_rest_fields":["title","gutenberg_elementor_mode"],"_links":{"self":[{"href":"https:\/\/portal.fgeo.gob.mx\/index.php\/wp-json\/wp\/v2\/noticias\/17034","targetHints":{"allow":["GET"]}}],"collection":[{"href":"https:\/\/portal.fgeo.gob.mx\/index.php\/wp-json\/wp\/v2\/noticias"}],"about":[{"href":"https:\/\/portal.fgeo.gob.mx\/index.php\/wp-json\/wp\/v2\/types\/noticias"}],"author":[{"embeddable":true,"href":"https:\/\/portal.fgeo.gob.mx\/index.php\/wp-json\/wp\/v2\/users\/2"}],"replies":[{"embeddable":true,"href":"https:\/\/portal.fgeo.gob.mx\/index.php\/wp-json\/wp\/v2\/comments?post=17034"}],"wp:featuredmedia":[{"embeddable":true,"href":"https:\/\/portal.fgeo.gob.mx\/index.php\/wp-json\/"}],"wp:attachment":[{"href":"https:\/\/portal.fgeo.gob.mx\/index.php\/wp-json\/wp\/v2\/media?parent=17034"}],"wp:term":[{"taxonomy":"post_tag","embeddable":true,"href":"https:\/\/portal.fgeo.gob.mx\/index.php\/wp-json\/wp\/v2\/tags?post=17034"},{"taxonomy":"categoria_noticias","embeddable":true,"href":"https:\/\/portal.fgeo.gob.mx\/index.php\/wp-json\/wp\/v2\/categoria_noticias?post=17034"}],"curies":[{"name":"wp","href":"https:\/\/api.w.org\/{rel}","templated":true}]}}