{"id":17033,"date":"2025-09-15T12:22:52","date_gmt":"2025-09-15T18:22:52","guid":{"rendered":"https:\/\/fge.oaxaca.gob.mx\/?post_type=noticias&amp;p=10101"},"modified":"2025-09-15T12:22:52","modified_gmt":"2025-09-15T18:22:52","slug":"boletin-1751-fiscalia-de-oaxaca-ejecuta-nueva-orden-de-aprehension-contra-h-m-o-alias-la-hiena-ahora-por-homicidio-cometido-a-bordo-de-una-moto-en-el-istmo-de-tehuantepec","status":"publish","type":"noticias","link":"https:\/\/portal.fgeo.gob.mx\/index.php\/archivos\/noticias\/boletin-1751-fiscalia-de-oaxaca-ejecuta-nueva-orden-de-aprehension-contra-h-m-o-alias-la-hiena-ahora-por-homicidio-cometido-a-bordo-de-una-moto-en-el-istmo-de-tehuantepec","title":{"rendered":"BOLET\u00cdN 1,751.- Fiscal\u00eda de Oaxaca ejecuta nueva orden de aprehensi\u00f3n contra H.M.O., alias \u201cLa Hiena\u201d, ahora por homicidio cometido a bordo de una moto, en el Istmo de Tehuantepec"},"content":{"rendered":"<p>&nbsp;<\/p>\n<p><strong>Oaxaca de Ju\u00e1rez, Oax. 15 de septiembre de 2025.- <\/strong>Las investigaciones ministeriales que realiza la Fiscal\u00eda General del Estado de Oaxaca (FGEO) hicieron posible la ejecuci\u00f3n de una nueva orden de aprehensi\u00f3n en contra de una persona del sexo femenino identificada como H.M.O., alias \u201cLa Hiena\u201d, por el delito de homicidio calificado con ventaja, en perjuicio de E.M.S., en hechos cometidos en la regi\u00f3n del Istmo de Tehuantepec.<\/p>\n<p>&nbsp;<\/p>\n<p>De acuerdo con la causa penal, los hechos ocurrieron el 12 de agosto de 2025, cuando la v\u00edctima circulaba a bordo de su motocicleta en inmediaciones de Santa Mar\u00eda Mixtequilla, donde fue alcanzado y atacado a balazos por un grupo de personas que viajaban a bordo de motocicletas.<\/p>\n<p>&nbsp;<\/p>\n<p>La investigaci\u00f3n revela que, derivado de la agresi\u00f3n, la v\u00edctima cay\u00f3 de su veh\u00edculo, situaci\u00f3n que aprovecharon los agresores para agredirlo, infligiendo lesiones que lo privaron de la vida.<\/p>\n<p>&nbsp;<\/p>\n<p>Ante estos hechos y tras tomar conocimiento del caso, la FGEO -a trav\u00e9s de elementos de la Agencia Estatal de Investigaciones adscritos a la Vicefiscal\u00eda Regional del Istmo- iniciaron una investigaci\u00f3n exhaustiva obteniendo una orden de aprehensi\u00f3n en contra de H.M.O., alias \u201cLa Hiena\u201d, por el delito de homicidio calificado con ventaja.<\/p>\n<p>&nbsp;<\/p>\n<p>Cabe mencionar que la imputada, ya estaba bajo proceso penal luego de ser detenida durante un cateo realizado por la Fiscal\u00eda de Oaxaca, en agosto de 2025.<\/p>\n<p>&nbsp;<\/p>\n<p>Los trabajos de inteligencia criminal permitieron establecer que H.M.O.\u00a0 alias \u201cLa Hiena\u201d, est\u00e1 probablemente relacionada con grupos criminales de la regi\u00f3n, principalmente con el que operaba desde la agencia municipal de San Luis Rey en Santo Domingo Tehuantepec.<\/p>\n<p>&nbsp;<\/p>\n<p>La Fiscal\u00eda General garantiza investigaciones exhaustivas para esclarecer delitos, aplicando las herramientas legales para castigar a quien o quienes resulten responsables.<\/p>\n<p><img decoding=\"async\" class=\"alignnone size-medium wp-image-10102\" src=\"https:\/\/portal.fgeo.gob.mx\/wp-content\/uploads\/2025\/09\/WhatsApp-Image-2025-09-10-at-11.38.52-AM-300x119.jpeg\" alt=\"\" width=\"300\" height=\"119\" \/><\/p>\n","protected":false},"author":2,"featured_media":10029,"comment_status":"closed","ping_status":"closed","template":"","tags":[],"categoria_noticias":[],"class_list":["post-17033","noticias","type-noticias","status-publish","has-post-thumbnail","hentry"],"acf":[],"mb":[],"mfb_rest_fields":["title","gutenberg_elementor_mode"],"_links":{"self":[{"href":"https:\/\/portal.fgeo.gob.mx\/index.php\/wp-json\/wp\/v2\/noticias\/17033","targetHints":{"allow":["GET"]}}],"collection":[{"href":"https:\/\/portal.fgeo.gob.mx\/index.php\/wp-json\/wp\/v2\/noticias"}],"about":[{"href":"https:\/\/portal.fgeo.gob.mx\/index.php\/wp-json\/wp\/v2\/types\/noticias"}],"author":[{"embeddable":true,"href":"https:\/\/portal.fgeo.gob.mx\/index.php\/wp-json\/wp\/v2\/users\/2"}],"replies":[{"embeddable":true,"href":"https:\/\/portal.fgeo.gob.mx\/index.php\/wp-json\/wp\/v2\/comments?post=17033"}],"wp:featuredmedia":[{"embeddable":true,"href":"https:\/\/portal.fgeo.gob.mx\/index.php\/wp-json\/"}],"wp:attachment":[{"href":"https:\/\/portal.fgeo.gob.mx\/index.php\/wp-json\/wp\/v2\/media?parent=17033"}],"wp:term":[{"taxonomy":"post_tag","embeddable":true,"href":"https:\/\/portal.fgeo.gob.mx\/index.php\/wp-json\/wp\/v2\/tags?post=17033"},{"taxonomy":"categoria_noticias","embeddable":true,"href":"https:\/\/portal.fgeo.gob.mx\/index.php\/wp-json\/wp\/v2\/categoria_noticias?post=17033"}],"curies":[{"name":"wp","href":"https:\/\/api.w.org\/{rel}","templated":true}]}}