{"id":17030,"date":"2025-09-13T17:28:12","date_gmt":"2025-09-13T23:28:12","guid":{"rendered":"https:\/\/fge.oaxaca.gob.mx\/?post_type=noticias&amp;p=10057"},"modified":"2025-09-13T17:28:12","modified_gmt":"2025-09-13T23:28:12","slug":"boletin-1747-fiscalia-de-oaxaca-activa-protocolo-de-investigacion-por-feminicidio-y-lleva-ante-mp-a-10-elementos-luego-de-fallecimiento-de-una-mujer-en-separos-de-policia-municipal-de-salina-cruz","status":"publish","type":"noticias","link":"https:\/\/portal.fgeo.gob.mx\/index.php\/archivos\/noticias\/boletin-1747-fiscalia-de-oaxaca-activa-protocolo-de-investigacion-por-feminicidio-y-lleva-ante-mp-a-10-elementos-luego-de-fallecimiento-de-una-mujer-en-separos-de-policia-municipal-de-salina-cruz","title":{"rendered":"BOLET\u00cdN 1,747.- Fiscal\u00eda de Oaxaca activa Protocolo de Investigaci\u00f3n por Feminicidio y lleva ante MP a 10 elementos, luego de fallecimiento de una mujer en separos de polic\u00eda municipal de Salina Cruz"},"content":{"rendered":"<p><strong>Oaxaca de Ju\u00e1rez, Oax. 13 de septiembre de 2025.-<\/strong> La Fiscal\u00eda General del Estado de Oaxaca (FGEO) realiza los trabajos ministeriales con perspectiva de g\u00e9nero, as\u00ed como las labores necesarias en ciencia forense para determinar cu\u00e1les fueron las causas del fallecimiento de una persona del sexo femenino, que fue localizada sin vida en los separos de la comandancia de la polic\u00eda municipal de Salina Cruz, en la regi\u00f3n del Istmo de Tehuantepec.<\/p>\n<p>&nbsp;<\/p>\n<p>Por estos hechos, al menos 10 elementos de la polic\u00eda municipal de Salina Cruz que cubr\u00edan el turno en que sucedieron los hechos, fueron trasladados a las oficinas de la Vicefiscal\u00eda Regional del Istmo, de la Fiscal\u00eda de Oaxaca, para que rindan su declaraci\u00f3n inicial.<\/p>\n<p>&nbsp;<\/p>\n<p>De acuerdo con los primeros reportes de los que tom\u00f3 conocimiento la Fiscal\u00eda de Oaxaca, la v\u00edctima, una mujer identificada como A.T.B.A., fue detenida por la polic\u00eda municipal de Salina Cruz, por lo que la trasladaron a la comandancia.<\/p>\n<p>&nbsp;<\/p>\n<p>Derivado de esto, qued\u00f3 bajo resguardo de esta instituci\u00f3n y, este s\u00e1bado 13 de septiembre de 2025, fue localizada sin vida al interior de una celda donde se encontraba detenida, por estos hechos, la FGEO activ\u00f3 el Protocolo de Investigaci\u00f3n Ministerial, Policial y Pericial del Delito de Feminicidio.<\/p>\n<p>&nbsp;<\/p>\n<p>Ser\u00e1n los trabajos periciales los que ayuden a tener la certeza cient\u00edfica y jur\u00eddica en torno a este caso, en el que adem\u00e1s colabora estrechamente la Fiscal\u00eda para la Atenci\u00f3n e Investigaci\u00f3n de Feminicidios, por lo que un equipo especializado se traslada a la regi\u00f3n para llevar a cabo los trabajos correspondientes.<\/p>\n","protected":false},"author":2,"featured_media":10029,"comment_status":"closed","ping_status":"closed","template":"","tags":[],"categoria_noticias":[],"class_list":["post-17030","noticias","type-noticias","status-publish","has-post-thumbnail","hentry"],"acf":[],"mb":[],"mfb_rest_fields":["title","gutenberg_elementor_mode"],"_links":{"self":[{"href":"https:\/\/portal.fgeo.gob.mx\/index.php\/wp-json\/wp\/v2\/noticias\/17030","targetHints":{"allow":["GET"]}}],"collection":[{"href":"https:\/\/portal.fgeo.gob.mx\/index.php\/wp-json\/wp\/v2\/noticias"}],"about":[{"href":"https:\/\/portal.fgeo.gob.mx\/index.php\/wp-json\/wp\/v2\/types\/noticias"}],"author":[{"embeddable":true,"href":"https:\/\/portal.fgeo.gob.mx\/index.php\/wp-json\/wp\/v2\/users\/2"}],"replies":[{"embeddable":true,"href":"https:\/\/portal.fgeo.gob.mx\/index.php\/wp-json\/wp\/v2\/comments?post=17030"}],"wp:featuredmedia":[{"embeddable":true,"href":"https:\/\/portal.fgeo.gob.mx\/index.php\/wp-json\/"}],"wp:attachment":[{"href":"https:\/\/portal.fgeo.gob.mx\/index.php\/wp-json\/wp\/v2\/media?parent=17030"}],"wp:term":[{"taxonomy":"post_tag","embeddable":true,"href":"https:\/\/portal.fgeo.gob.mx\/index.php\/wp-json\/wp\/v2\/tags?post=17030"},{"taxonomy":"categoria_noticias","embeddable":true,"href":"https:\/\/portal.fgeo.gob.mx\/index.php\/wp-json\/wp\/v2\/categoria_noticias?post=17030"}],"curies":[{"name":"wp","href":"https:\/\/api.w.org\/{rel}","templated":true}]}}