{"id":17028,"date":"2025-09-12T12:27:39","date_gmt":"2025-09-12T18:27:39","guid":{"rendered":"https:\/\/fge.oaxaca.gob.mx\/?post_type=noticias&amp;p=10053"},"modified":"2025-09-12T12:27:39","modified_gmt":"2025-09-12T18:27:39","slug":"boletin-1745-fiscalia-de-oaxaca-aprehende-a-dos-personas-por-violencia-familiar-uno-de-ellos-es-investigado-por-encadenar-a-su-hijo","status":"publish","type":"noticias","link":"https:\/\/portal.fgeo.gob.mx\/index.php\/archivos\/noticias\/boletin-1745-fiscalia-de-oaxaca-aprehende-a-dos-personas-por-violencia-familiar-uno-de-ellos-es-investigado-por-encadenar-a-su-hijo","title":{"rendered":"BOLET\u00cdN 1,745.- Fiscal\u00eda de Oaxaca aprehende a dos personas por violencia familiar; uno de ellos es investigado por encadenar a su hijo"},"content":{"rendered":"<p>&nbsp;<\/p>\n<p><strong>Oaxaca de Ju\u00e1rez, Oax. 12 de septiembre de 2025.- <\/strong>En acciones coordinadas en combate a delitos contra ni\u00f1as, ni\u00f1os, adolescentes y mujeres, la Fiscal\u00eda General del Estado de Oaxaca (FGEO) dio cumplimiento a dos \u00f3rdenes de aprehensi\u00f3n que permitieron la detenci\u00f3n de dos personas del sexo masculino identificados como F.M.L. y A.J.B.R., por el delito de violencia familiar, ocurrida en diferentes regiones del estado.<\/p>\n<p>&nbsp;<\/p>\n<p>De acuerdo con los trabajos ministeriales de la FGEO, en uno de los casos, elementos de la Agencia Estatal de Investigaciones (AEI) de la Vicefiscal\u00eda Regional de la Costa dieron cumplimiento al mandato judicial en contra de A.J.B.R., derivado de hechos de violencia f\u00edsica en contra de sus hijos menores de edad, uno de ellos, era amarrado con una cadena.<\/p>\n<p>&nbsp;<\/p>\n<p>El caso qued\u00f3 a cargo de la Vicefiscal\u00eda Regional de la Costa que ejecut\u00f3 la orden de aprehensi\u00f3n en contra de A.J.B.R., cuando se encontraba en la calle Segunda Poniente y Tercera Poniente Sector Hidalgo de Puerto Escondido en jurisdicci\u00f3n de San Pedro Mixtepec.<\/p>\n<p>&nbsp;<\/p>\n<p>La segunda orden de aprehensi\u00f3n fue ejecutada por agentes ministeriales de la Vicefiscal\u00eda Regional del Valles Centrales en contra de F.M.L., por ejercer violencia familiar en contra de una mujer identificada como M.S.L.N., hechos ocurridos en la poblaci\u00f3n de Santa Cruz Zenzontepec, Sola de Vega.<\/p>\n<p>&nbsp;<\/p>\n<p>El hombre detenido a un costado del Palacio Municipal de Santa Cruz Zenzontepec, fue puesto a disposici\u00f3n de las autoridades correspondientes para su proceso legal.<\/p>\n<p>&nbsp;<\/p>\n<p>La Fiscal\u00eda de Oaxaca prioriza las investigaciones relacionadas con delitos cometidos contra mujeres, para presentar ante la justicia a los responsables a fin de garantizar el derecho a una vida libre de violencia.<\/p>\n<p><img fetchpriority=\"high\" decoding=\"async\" class=\"alignnone size-medium wp-image-10054\" src=\"https:\/\/portal.fgeo.gob.mx\/wp-content\/uploads\/2025\/09\/WhatsApp-Image-2025-09-11-at-8.17.48-AM-290x300.jpeg\" alt=\"\" width=\"290\" height=\"300\" \/><\/p>\n","protected":false},"author":2,"featured_media":10029,"comment_status":"closed","ping_status":"closed","template":"","tags":[],"categoria_noticias":[],"class_list":["post-17028","noticias","type-noticias","status-publish","has-post-thumbnail","hentry"],"acf":[],"mb":[],"mfb_rest_fields":["title","gutenberg_elementor_mode"],"_links":{"self":[{"href":"https:\/\/portal.fgeo.gob.mx\/index.php\/wp-json\/wp\/v2\/noticias\/17028","targetHints":{"allow":["GET"]}}],"collection":[{"href":"https:\/\/portal.fgeo.gob.mx\/index.php\/wp-json\/wp\/v2\/noticias"}],"about":[{"href":"https:\/\/portal.fgeo.gob.mx\/index.php\/wp-json\/wp\/v2\/types\/noticias"}],"author":[{"embeddable":true,"href":"https:\/\/portal.fgeo.gob.mx\/index.php\/wp-json\/wp\/v2\/users\/2"}],"replies":[{"embeddable":true,"href":"https:\/\/portal.fgeo.gob.mx\/index.php\/wp-json\/wp\/v2\/comments?post=17028"}],"wp:featuredmedia":[{"embeddable":true,"href":"https:\/\/portal.fgeo.gob.mx\/index.php\/wp-json\/"}],"wp:attachment":[{"href":"https:\/\/portal.fgeo.gob.mx\/index.php\/wp-json\/wp\/v2\/media?parent=17028"}],"wp:term":[{"taxonomy":"post_tag","embeddable":true,"href":"https:\/\/portal.fgeo.gob.mx\/index.php\/wp-json\/wp\/v2\/tags?post=17028"},{"taxonomy":"categoria_noticias","embeddable":true,"href":"https:\/\/portal.fgeo.gob.mx\/index.php\/wp-json\/wp\/v2\/categoria_noticias?post=17028"}],"curies":[{"name":"wp","href":"https:\/\/api.w.org\/{rel}","templated":true}]}}