{"id":17026,"date":"2025-09-11T18:00:04","date_gmt":"2025-09-12T00:00:04","guid":{"rendered":"https:\/\/fge.oaxaca.gob.mx\/?post_type=noticias&amp;p=10049"},"modified":"2025-09-11T18:00:04","modified_gmt":"2025-09-12T00:00:04","slug":"boletin-1743-fiscalia-de-oaxaca-detiene-en-tuxtepec-a-un-hombre-buscado-por-violacion-de-un-nino-y-violencia-familiar-delitos-cometidos-en-chihuahua","status":"publish","type":"noticias","link":"https:\/\/portal.fgeo.gob.mx\/index.php\/archivos\/noticias\/boletin-1743-fiscalia-de-oaxaca-detiene-en-tuxtepec-a-un-hombre-buscado-por-violacion-de-un-nino-y-violencia-familiar-delitos-cometidos-en-chihuahua","title":{"rendered":"BOLET\u00cdN 1,743.- Fiscal\u00eda de Oaxaca detiene en Tuxtepec a un hombre buscado por violaci\u00f3n de un ni\u00f1o y violencia familiar, delitos cometidos en Chihuahua"},"content":{"rendered":"<p><strong>Oaxaca de Ju\u00e1rez, Oax. 11 de septiembre de 2025.- <\/strong>Derivado de la solicitud de colaboraci\u00f3n interinstitucional con la Fiscal\u00eda del Estado de Chihuahua, la Fiscal\u00eda General del Estado de Oaxaca (FGEO) logr\u00f3 dar con el paradero y realizar la detenci\u00f3n de una persona del sexo masculino identificado como D.P.R., por los delitos de violencia familiar y violaci\u00f3n en agravio de su esposa e hijo, hechos ocurridos en Ciudad Ju\u00e1rez, Chihuahua.<\/p>\n<p>&nbsp;<\/p>\n<p>La detenci\u00f3n de D.P.R., se realiz\u00f3 en el estado de Oaxaca en la calle Matamoros entre Jes\u00fas Carranza y Libertad de la colonia Centro del municipio de San Juan Bautista Tuxtepec, la captura deriva de la intervenci\u00f3n de la Vicefiscal\u00eda Regional de la Cuenca a trav\u00e9s de la Agencia Estatal de Investigaci\u00f3n (AEI).<\/p>\n<p>&nbsp;<\/p>\n<p>De acuerdo con la causa penal del caso, los hechos sucedieron en junio de 2025, en el interior de un domicilio ubicado en la calle Cedros de La Sabana en el fraccionamiento Urdivilla del Cedro perteneciente al municipio de Ciudad Ju\u00e1rez, Chihuahua.<\/p>\n<p>&nbsp;<\/p>\n<p>La investigaci\u00f3n detalla que en ese lugar, un ni\u00f1o de cinco a\u00f1os de edad, cuya identidad est\u00e1 reservada por ley, fue agredido sexualmente y la madre del menor, era v\u00edctima de violencia familiar.<\/p>\n<p>&nbsp;<\/p>\n<p>Al tener conocimiento de los hechos, la Fiscal\u00eda General del Estado de Chihuahua inici\u00f3 las investigaciones pertinentes y logr\u00f3 la obtenci\u00f3n de una orden de aprehensi\u00f3n en contra de D.P.R., de quien establecieron que se refugiaba en Oaxaca, por lo que solicit\u00f3 la colaboraci\u00f3n interinstitucional con la FGEO para realizar su detenci\u00f3n.<\/p>\n<p>&nbsp;<\/p>\n<p>Una vez aprehendido, fue puesto a disposici\u00f3n de las autoridades ministeriales de la Vicefiscal\u00eda Regional de la Cuenca para su certificaci\u00f3n m\u00e9dica y documentaci\u00f3n correspondiente, posteriormente fue entregado al personal de la Fiscal\u00eda de Chihuahua para su traslado en atenci\u00f3n al oficio de colaboraci\u00f3n.<\/p>\n<p>&nbsp;<\/p>\n<p>La Fiscal\u00eda de Oaxaca prioriza las investigaciones relacionadas con delitos cometidos contra mujeres, para presentar ante la justicia a los responsables a fin de garantizar el derecho a una vida libre de violencia.<\/p>\n<p><img decoding=\"async\" class=\"size-medium wp-image-10050\" src=\"https:\/\/portal.fgeo.gob.mx\/wp-content\/uploads\/2025\/09\/Dise%C3%B1o-sin-t%C3%ADtulo-14-300x149.jpg\" alt=\"\" width=\"300\" height=\"149\" \/><\/p>\n","protected":false},"author":2,"featured_media":10029,"comment_status":"closed","ping_status":"closed","template":"","tags":[],"categoria_noticias":[],"class_list":["post-17026","noticias","type-noticias","status-publish","has-post-thumbnail","hentry"],"acf":[],"mb":[],"mfb_rest_fields":["title","gutenberg_elementor_mode"],"_links":{"self":[{"href":"https:\/\/portal.fgeo.gob.mx\/index.php\/wp-json\/wp\/v2\/noticias\/17026","targetHints":{"allow":["GET"]}}],"collection":[{"href":"https:\/\/portal.fgeo.gob.mx\/index.php\/wp-json\/wp\/v2\/noticias"}],"about":[{"href":"https:\/\/portal.fgeo.gob.mx\/index.php\/wp-json\/wp\/v2\/types\/noticias"}],"author":[{"embeddable":true,"href":"https:\/\/portal.fgeo.gob.mx\/index.php\/wp-json\/wp\/v2\/users\/2"}],"replies":[{"embeddable":true,"href":"https:\/\/portal.fgeo.gob.mx\/index.php\/wp-json\/wp\/v2\/comments?post=17026"}],"wp:featuredmedia":[{"embeddable":true,"href":"https:\/\/portal.fgeo.gob.mx\/index.php\/wp-json\/"}],"wp:attachment":[{"href":"https:\/\/portal.fgeo.gob.mx\/index.php\/wp-json\/wp\/v2\/media?parent=17026"}],"wp:term":[{"taxonomy":"post_tag","embeddable":true,"href":"https:\/\/portal.fgeo.gob.mx\/index.php\/wp-json\/wp\/v2\/tags?post=17026"},{"taxonomy":"categoria_noticias","embeddable":true,"href":"https:\/\/portal.fgeo.gob.mx\/index.php\/wp-json\/wp\/v2\/categoria_noticias?post=17026"}],"curies":[{"name":"wp","href":"https:\/\/api.w.org\/{rel}","templated":true}]}}