{"id":17023,"date":"2025-09-10T15:00:09","date_gmt":"2025-09-10T21:00:09","guid":{"rendered":"https:\/\/fge.oaxaca.gob.mx\/?post_type=noticias&amp;p=10034"},"modified":"2025-09-10T15:00:09","modified_gmt":"2025-09-10T21:00:09","slug":"boletin-1739-fiscalia-de-oaxaca-obtiene-prision-y-vinculacion-a-proceso-contra-imputado-por-pederastia-cometido-en-san-agustin-loxicha","status":"publish","type":"noticias","link":"https:\/\/portal.fgeo.gob.mx\/index.php\/archivos\/noticias\/boletin-1739-fiscalia-de-oaxaca-obtiene-prision-y-vinculacion-a-proceso-contra-imputado-por-pederastia-cometido-en-san-agustin-loxicha","title":{"rendered":"BOLET\u00cdN 1,739.- Fiscal\u00eda de Oaxaca obtiene prisi\u00f3n y vinculaci\u00f3n a proceso contra imputado por pederastia, cometido en San Agust\u00edn Loxicha"},"content":{"rendered":"<p>&nbsp;<\/p>\n<p><strong>Oaxaca de Ju\u00e1rez, Oax. 10 de septiembre de 2025.- <\/strong>La Fiscal\u00eda General del Estado de Oaxaca (FGEO) obtuvo auto de vinculaci\u00f3n a proceso y prisi\u00f3n preventiva en contra de una persona del sexo masculino identificado como J.V.J.M., por el delito de pederastia, ocurrido en San Agust\u00edn Loxicha en la regi\u00f3n de la Costa.<\/p>\n<p>&nbsp;<\/p>\n<p>De acuerdo con el informe ministerial de la FGEO, los hechos ocurrieron el 02 de julio de 2025, cuando la v\u00edctima -una menor de dos a\u00f1os de edad, cuya identidad est\u00e1 reservada por ley- se encontraba un domicilio ubicado en el Barrio La Soledad de San Agust\u00edn Loxicha, lugar donde sucedi\u00f3 la agresi\u00f3n.<\/p>\n<p>&nbsp;<\/p>\n<p>La investigaci\u00f3n revela que un familiar de la v\u00edctima sorprendi\u00f3 al agresor y lo denunci\u00f3 ante las autoridades competentes.<\/p>\n<p>&nbsp;<\/p>\n<p>Una vez que la FGEO tom\u00f3 conocimiento del caso, inici\u00f3 las investigaciones ministeriales con perspectiva de infancia a trav\u00e9s de la Vicefiscal\u00eda Regional la Costa, que obtuvo una orden de aprehensi\u00f3n gracias a la cual se logr\u00f3 su detenci\u00f3n.<\/p>\n<p>&nbsp;<\/p>\n<p>En audiencia, y tras evaluar los datos de prueba aportados por la Fiscal\u00eda de Oaxaca, el Juez de control dict\u00f3 auto de vinculaci\u00f3n a proceso en contra de J.V.J.M por el delito de pederastia, imponiendo la medida cautelar de prisi\u00f3n preventiva de oficio y otorgando un plazo de un mes para el cierre de la investigaci\u00f3n complementaria.<\/p>\n<p>&nbsp;<\/p>\n<p>La Fiscal\u00eda General del Estado de Oaxaca tiene como prioridad garantizar procesos de justicia eficientes en los casos de delitos cometidos en contra de ni\u00f1as, ni\u00f1os y adolescentes, por medio de investigaciones integrales y con perspectiva de infancia que logren garantizar el inter\u00e9s superior de la ni\u00f1ez.<\/p>\n<p><img fetchpriority=\"high\" decoding=\"async\" class=\"alignnone size-medium wp-image-10035\" src=\"https:\/\/portal.fgeo.gob.mx\/wp-content\/uploads\/2025\/09\/WhatsApp-Image-2025-09-05-at-3.41.55-PM-300x175.jpeg\" alt=\"\" width=\"300\" height=\"175\" \/><\/p>\n","protected":false},"author":2,"featured_media":10029,"comment_status":"closed","ping_status":"closed","template":"","tags":[],"categoria_noticias":[],"class_list":["post-17023","noticias","type-noticias","status-publish","has-post-thumbnail","hentry"],"acf":[],"mb":[],"mfb_rest_fields":["title","gutenberg_elementor_mode"],"_links":{"self":[{"href":"https:\/\/portal.fgeo.gob.mx\/index.php\/wp-json\/wp\/v2\/noticias\/17023","targetHints":{"allow":["GET"]}}],"collection":[{"href":"https:\/\/portal.fgeo.gob.mx\/index.php\/wp-json\/wp\/v2\/noticias"}],"about":[{"href":"https:\/\/portal.fgeo.gob.mx\/index.php\/wp-json\/wp\/v2\/types\/noticias"}],"author":[{"embeddable":true,"href":"https:\/\/portal.fgeo.gob.mx\/index.php\/wp-json\/wp\/v2\/users\/2"}],"replies":[{"embeddable":true,"href":"https:\/\/portal.fgeo.gob.mx\/index.php\/wp-json\/wp\/v2\/comments?post=17023"}],"wp:featuredmedia":[{"embeddable":true,"href":"https:\/\/portal.fgeo.gob.mx\/index.php\/wp-json\/"}],"wp:attachment":[{"href":"https:\/\/portal.fgeo.gob.mx\/index.php\/wp-json\/wp\/v2\/media?parent=17023"}],"wp:term":[{"taxonomy":"post_tag","embeddable":true,"href":"https:\/\/portal.fgeo.gob.mx\/index.php\/wp-json\/wp\/v2\/tags?post=17023"},{"taxonomy":"categoria_noticias","embeddable":true,"href":"https:\/\/portal.fgeo.gob.mx\/index.php\/wp-json\/wp\/v2\/categoria_noticias?post=17023"}],"curies":[{"name":"wp","href":"https:\/\/api.w.org\/{rel}","templated":true}]}}