{"id":17022,"date":"2025-09-10T12:41:19","date_gmt":"2025-09-10T18:41:19","guid":{"rendered":"https:\/\/fge.oaxaca.gob.mx\/?post_type=noticias&amp;p=10032"},"modified":"2025-09-10T12:41:19","modified_gmt":"2025-09-10T18:41:19","slug":"boletin-1738-aprehende-fiscalia-de-oaxaca-a-una-persona-por-despojo-cometido-de-manera-violenta-en-el-istmo-de-tehuantepec","status":"publish","type":"noticias","link":"https:\/\/portal.fgeo.gob.mx\/index.php\/archivos\/noticias\/boletin-1738-aprehende-fiscalia-de-oaxaca-a-una-persona-por-despojo-cometido-de-manera-violenta-en-el-istmo-de-tehuantepec","title":{"rendered":"BOLET\u00cdN 1,738.- Aprehende Fiscal\u00eda de Oaxaca a una persona por despojo cometido de manera violenta en el Istmo de Tehuantepec"},"content":{"rendered":"<p>&nbsp;<\/p>\n<p><strong>Oaxaca de Ju\u00e1rez, Oax. 10 de septiembre de 2025.- <\/strong>La Fiscal\u00eda General del Estado de Oaxaca (FGEO) ejecut\u00f3 una orden de aprehensi\u00f3n que permiti\u00f3 la detenci\u00f3n de una persona identificada como P.M.G., por el delito de despojo en perjuicio patrimonial de Y.E.V., y otros, cometido en la regi\u00f3n del Istmo de Tehuantepec.<\/p>\n<p>&nbsp;<\/p>\n<p>De acuerdo con la causa penal, los hechos ocurrieron el 27 de diciembre de 2018, cuando la v\u00edctima, en compa\u00f1\u00eda de otras personas, se encontraba trabajando en un predio ubicado en el paraje denominado Las Banderillas, perteneciente a Santa Mar\u00eda Petapa, lugar a donde lleg\u00f3 un grupo de personas que portaban armas de fuego, para desalojarlos de manera violenta y apoderarse del terreno.<\/p>\n<p>&nbsp;<\/p>\n<p>Ante estos hechos, la FGEO inici\u00f3 las investigaciones -a trav\u00e9s de la Vicefiscal\u00eda Regional del Istmo- que permitieron obtener la orden de aprehensi\u00f3n en contra de P.M.G., la cual fue ejecutada por Agentes Estatales de Investigaci\u00f3n (AEI) y elementos de la Secretar\u00eda de la Defensa Nacional (DEFENSA) para posteriormente ser puesto a disposici\u00f3n de la autoridad ministerial y con ello, resolver su situaci\u00f3n jur\u00eddica.<\/p>\n<p>&nbsp;<\/p>\n<p>La Fiscal\u00eda General garantiza justicia plena a v\u00edctimas de delitos, aplicando todo el rigor de la Ley a quien o quienes resulten responsables.<\/p>\n<p><img fetchpriority=\"high\" decoding=\"async\" class=\"alignnone size-medium wp-image-10033\" src=\"https:\/\/portal.fgeo.gob.mx\/wp-content\/uploads\/2025\/09\/WhatsApp-Image-2025-08-20-at-11.31.45-AM-300x181.jpeg\" alt=\"\" width=\"300\" height=\"181\" \/><\/p>\n","protected":false},"author":2,"featured_media":10029,"comment_status":"closed","ping_status":"closed","template":"","tags":[],"categoria_noticias":[],"class_list":["post-17022","noticias","type-noticias","status-publish","has-post-thumbnail","hentry"],"acf":[],"mb":[],"mfb_rest_fields":["title","gutenberg_elementor_mode"],"_links":{"self":[{"href":"https:\/\/portal.fgeo.gob.mx\/index.php\/wp-json\/wp\/v2\/noticias\/17022","targetHints":{"allow":["GET"]}}],"collection":[{"href":"https:\/\/portal.fgeo.gob.mx\/index.php\/wp-json\/wp\/v2\/noticias"}],"about":[{"href":"https:\/\/portal.fgeo.gob.mx\/index.php\/wp-json\/wp\/v2\/types\/noticias"}],"author":[{"embeddable":true,"href":"https:\/\/portal.fgeo.gob.mx\/index.php\/wp-json\/wp\/v2\/users\/2"}],"replies":[{"embeddable":true,"href":"https:\/\/portal.fgeo.gob.mx\/index.php\/wp-json\/wp\/v2\/comments?post=17022"}],"wp:featuredmedia":[{"embeddable":true,"href":"https:\/\/portal.fgeo.gob.mx\/index.php\/wp-json\/"}],"wp:attachment":[{"href":"https:\/\/portal.fgeo.gob.mx\/index.php\/wp-json\/wp\/v2\/media?parent=17022"}],"wp:term":[{"taxonomy":"post_tag","embeddable":true,"href":"https:\/\/portal.fgeo.gob.mx\/index.php\/wp-json\/wp\/v2\/tags?post=17022"},{"taxonomy":"categoria_noticias","embeddable":true,"href":"https:\/\/portal.fgeo.gob.mx\/index.php\/wp-json\/wp\/v2\/categoria_noticias?post=17022"}],"curies":[{"name":"wp","href":"https:\/\/api.w.org\/{rel}","templated":true}]}}