{"id":17020,"date":"2025-09-09T17:00:02","date_gmt":"2025-09-09T23:00:02","guid":{"rendered":"https:\/\/fge.oaxaca.gob.mx\/?post_type=noticias&amp;p=10027"},"modified":"2025-09-09T17:00:02","modified_gmt":"2025-09-09T23:00:02","slug":"boletin-1736-fiscalia-de-oaxaca-obtiene-sentencia-condenatoria-de-17-anos-de-prision-contra-responsable-de-violacion-cometida-en-san-pedro-pochutla","status":"publish","type":"noticias","link":"https:\/\/portal.fgeo.gob.mx\/index.php\/archivos\/noticias\/boletin-1736-fiscalia-de-oaxaca-obtiene-sentencia-condenatoria-de-17-anos-de-prision-contra-responsable-de-violacion-cometida-en-san-pedro-pochutla","title":{"rendered":"BOLET\u00cdN 1,736.- Fiscal\u00eda de Oaxaca obtiene sentencia condenatoria de 17 a\u00f1os de prisi\u00f3n contra responsable de violaci\u00f3n cometida en San Pedro Pochutla"},"content":{"rendered":"<p>&nbsp;<\/p>\n<p><strong>Oaxaca de Ju\u00e1rez, Oax. 09 de septiembre de 2025.- <\/strong>Como parte de la estrategia de combate a los delitos cometidos en contra de ni\u00f1as, ni\u00f1os, adolescentes y mujeres, la Fiscal\u00eda General del Estado de Oaxaca (FGEO) obtuvo una sentencia condenatoria de 17 a\u00f1os de prisi\u00f3n en contra de una persona del sexo masculino identificada como F\u00e9lix B.Z., por su responsabilidad en la comisi\u00f3n del delito de violaci\u00f3n equiparada agravada cometido en agravio de una menor de edad, cometido en la regi\u00f3n de la Costa.<\/p>\n<p>De acuerdo con el expediente penal del caso, los hechos ocurrieron en diciembre de 2022 y febrero de 2023 en un domicilio ubicado en el Barrio de Jes\u00fas de la Secci\u00f3n Segunda, en San Pedro Pochutla, lugar donde el hoy sentenciado -abuelo de la v\u00edctima- atac\u00f3 a la menor que en esa \u00e9poca contaba con 10 a\u00f1os de edad.<\/p>\n<p>Luego que la Fiscal\u00eda de Oaxaca recibi\u00f3 la denuncia correspondiente, se iniciaron las investigaciones ministeriales con perspectiva de infancia a trav\u00e9s de la Vicefiscal\u00eda Regional de la Costa, que logr\u00f3 la detenci\u00f3n de F\u00e9lix B.Z., quien qued\u00f3 a disposici\u00f3n de la autoridad correspondiente.<\/p>\n<p>Gracias a los resultados aportados por la FGEO derivado del trabajo multidisciplinario, la autoridad judicial tuvo los elementos suficientes para dictar sentencia condenatoria de 17 a\u00f1os de prisi\u00f3n en contra de F\u00e9lix B.Z., por su responsabilidad en el delito de violaci\u00f3n equiparada agravada adem\u00e1s de imponerle el pago de una multa econ\u00f3mica y reparaci\u00f3n del da\u00f1o.<\/p>\n<p>La Fiscal\u00eda General del Estado de Oaxaca tiene entre sus ejes rectores garantizar una vida libre de violencia para ni\u00f1as, ni\u00f1os y adolescentes, a trav\u00e9s de los mecanismos de procuraci\u00f3n de justicia que est\u00e1n a cargo de \u00e1reas especializadas y bien capacitadas para este tipo de labores.<\/p>\n<figure id=\"attachment_10028\" aria-describedby=\"caption-attachment-10028\" style=\"width: 251px\" class=\"wp-caption alignnone\"><img fetchpriority=\"high\" decoding=\"async\" class=\"size-medium wp-image-10028\" src=\"https:\/\/portal.fgeo.gob.mx\/wp-content\/uploads\/2025\/09\/Dise%C3%B1o-sin-t%C3%ADtulo-12-251x300.jpg\" alt=\"\" width=\"251\" height=\"300\" \/><figcaption id=\"caption-attachment-10028\" class=\"wp-caption-text\">Dise\u00f1o sin t\u00edtulo &#8211; 1<\/figcaption><\/figure>\n<p>&nbsp;<\/p>\n","protected":false},"author":2,"featured_media":10029,"comment_status":"closed","ping_status":"closed","template":"","tags":[],"categoria_noticias":[],"class_list":["post-17020","noticias","type-noticias","status-publish","has-post-thumbnail","hentry"],"acf":[],"mb":[],"mfb_rest_fields":["title","gutenberg_elementor_mode"],"_links":{"self":[{"href":"https:\/\/portal.fgeo.gob.mx\/index.php\/wp-json\/wp\/v2\/noticias\/17020","targetHints":{"allow":["GET"]}}],"collection":[{"href":"https:\/\/portal.fgeo.gob.mx\/index.php\/wp-json\/wp\/v2\/noticias"}],"about":[{"href":"https:\/\/portal.fgeo.gob.mx\/index.php\/wp-json\/wp\/v2\/types\/noticias"}],"author":[{"embeddable":true,"href":"https:\/\/portal.fgeo.gob.mx\/index.php\/wp-json\/wp\/v2\/users\/2"}],"replies":[{"embeddable":true,"href":"https:\/\/portal.fgeo.gob.mx\/index.php\/wp-json\/wp\/v2\/comments?post=17020"}],"wp:featuredmedia":[{"embeddable":true,"href":"https:\/\/portal.fgeo.gob.mx\/index.php\/wp-json\/"}],"wp:attachment":[{"href":"https:\/\/portal.fgeo.gob.mx\/index.php\/wp-json\/wp\/v2\/media?parent=17020"}],"wp:term":[{"taxonomy":"post_tag","embeddable":true,"href":"https:\/\/portal.fgeo.gob.mx\/index.php\/wp-json\/wp\/v2\/tags?post=17020"},{"taxonomy":"categoria_noticias","embeddable":true,"href":"https:\/\/portal.fgeo.gob.mx\/index.php\/wp-json\/wp\/v2\/categoria_noticias?post=17020"}],"curies":[{"name":"wp","href":"https:\/\/api.w.org\/{rel}","templated":true}]}}