{"id":17016,"date":"2025-09-08T14:23:27","date_gmt":"2025-09-08T20:23:27","guid":{"rendered":"https:\/\/fge.oaxaca.gob.mx\/?post_type=noticias&amp;p=10017"},"modified":"2025-09-08T14:23:27","modified_gmt":"2025-09-08T20:23:27","slug":"boletin-1732-trasladan-a-oaxaca-a-imputado-y-solicitan-su-vinculacion-a-proceso-por-homicidio-de-estudiante-cometido-en-huajuapan-fgeo","status":"publish","type":"noticias","link":"https:\/\/portal.fgeo.gob.mx\/index.php\/archivos\/noticias\/boletin-1732-trasladan-a-oaxaca-a-imputado-y-solicitan-su-vinculacion-a-proceso-por-homicidio-de-estudiante-cometido-en-huajuapan-fgeo","title":{"rendered":"BOLET\u00cdN 1,732.- Trasladan a Oaxaca a imputado y solicitan su vinculaci\u00f3n a proceso por homicidio de estudiante, cometido en Huajuapan: FGEO"},"content":{"rendered":"<p><strong>Oaxaca de Ju\u00e1rez, Oax. 08 de septiembre de 2025.- <\/strong>Luego que la Fiscal\u00eda General del Estado de Oaxaca (FGEO) logr\u00f3 la detenci\u00f3n de un imputado por el homicidio de un adolescente ocurrido en Huajuapan de Le\u00f3n, se logr\u00f3 el traslado a Oaxaca de la persona detenida, quien fue presentado ante el Juez, adem\u00e1s que se hizo la solicitud del auto de vinculaci\u00f3n a proceso por el delito de homicidio en agravio de un estudiante.<\/p>\n<p>Y es que fueron los trabajos especializados de inteligencia e investigaci\u00f3n criminal los que permitieron localizar al imputado en menos de 48 horas despu\u00e9s de la comisi\u00f3n del delito, a pesar de que hab\u00eda huido a Puebla.<\/p>\n<p>En esta labor ministerial encabezada por la Fiscal\u00eda de Oaxaca, intervinieron \u00e1reas clave como la Vicefiscal\u00eda Regional de la Mixteca y la Fiscal\u00eda Especializada en Justicia para Adolescentes, as\u00ed como la Unidad Policial Especializada en Combate al Secuestro.<\/p>\n<p>Y es que la activaci\u00f3n inmediata de protocolos de investigaci\u00f3n de campo, hicieron posible trazar la ruta de escape del imputado, quien se refugi\u00f3 en el municipio de Acatl\u00e1n de Osorio, en el estado de Puebla, que se ubica a m\u00e1s de 60 kil\u00f3metros de distancia de donde sucedieron los hechos.<\/p>\n<p>Una vez detenido, se realizaron los tr\u00e1mites legales pertinentes para su traslado a Oaxaca y con ello, ponerlo a disposici\u00f3n de la autoridad que lo requiri\u00f3.<\/p>\n<p>Respecto a los hechos, estos sucedieron en la colonia &#8220;Las Campanas&#8221; de Huajuapan de Le\u00f3n, donde el 4 de septiembre de 2025, localizaron el cuerpo sin vida de un adolescente.<\/p>\n<p>Derivado de las pruebas aportadas por la FGEO, en audiencia, el Juez comunic\u00f3 imputaci\u00f3n y el Ministerio P\u00fablico solicit\u00f3 la vinculaci\u00f3n a proceso en contra del imputado, a quien impusieron prisi\u00f3n preventiva, otorgando un plazo para la celebraci\u00f3n de la audiencia de t\u00e9rmino constitucional en la que se decidir\u00e1 su situaci\u00f3n jur\u00eddica legal.<\/p>\n<p>La Fiscal\u00eda General garantiza investigaciones exhaustivas para esclarecer delitos, aplicando las herramientas legales para castigar a quien o quienes resulten responsables.<\/p>\n<p><img fetchpriority=\"high\" decoding=\"async\" class=\"alignnone size-medium wp-image-10018\" src=\"https:\/\/portal.fgeo.gob.mx\/wp-content\/uploads\/2025\/09\/WhatsApp-Image-2025-09-08-at-2.14.29-PM-300x200.jpeg\" alt=\"\" width=\"300\" height=\"200\" \/><\/p>\n","protected":false},"author":2,"featured_media":10001,"comment_status":"closed","ping_status":"closed","template":"","tags":[],"categoria_noticias":[],"class_list":["post-17016","noticias","type-noticias","status-publish","has-post-thumbnail","hentry"],"acf":[],"mb":[],"mfb_rest_fields":["title","gutenberg_elementor_mode"],"_links":{"self":[{"href":"https:\/\/portal.fgeo.gob.mx\/index.php\/wp-json\/wp\/v2\/noticias\/17016","targetHints":{"allow":["GET"]}}],"collection":[{"href":"https:\/\/portal.fgeo.gob.mx\/index.php\/wp-json\/wp\/v2\/noticias"}],"about":[{"href":"https:\/\/portal.fgeo.gob.mx\/index.php\/wp-json\/wp\/v2\/types\/noticias"}],"author":[{"embeddable":true,"href":"https:\/\/portal.fgeo.gob.mx\/index.php\/wp-json\/wp\/v2\/users\/2"}],"replies":[{"embeddable":true,"href":"https:\/\/portal.fgeo.gob.mx\/index.php\/wp-json\/wp\/v2\/comments?post=17016"}],"wp:featuredmedia":[{"embeddable":true,"href":"https:\/\/portal.fgeo.gob.mx\/index.php\/wp-json\/"}],"wp:attachment":[{"href":"https:\/\/portal.fgeo.gob.mx\/index.php\/wp-json\/wp\/v2\/media?parent=17016"}],"wp:term":[{"taxonomy":"post_tag","embeddable":true,"href":"https:\/\/portal.fgeo.gob.mx\/index.php\/wp-json\/wp\/v2\/tags?post=17016"},{"taxonomy":"categoria_noticias","embeddable":true,"href":"https:\/\/portal.fgeo.gob.mx\/index.php\/wp-json\/wp\/v2\/categoria_noticias?post=17016"}],"curies":[{"name":"wp","href":"https:\/\/api.w.org\/{rel}","templated":true}]}}