{"id":17013,"date":"2025-09-07T14:08:01","date_gmt":"2025-09-07T20:08:01","guid":{"rendered":"https:\/\/fge.oaxaca.gob.mx\/?post_type=noticias&amp;p=9978"},"modified":"2025-09-07T14:08:01","modified_gmt":"2025-09-07T20:08:01","slug":"boletin-1729-reconocer-a-las-mujeres-de-la-patria-un-acto-de-justicia-historica-fiscal-de-oaxaca-bernardo-rodriguez-alamilla","status":"publish","type":"noticias","link":"https:\/\/portal.fgeo.gob.mx\/index.php\/archivos\/noticias\/boletin-1729-reconocer-a-las-mujeres-de-la-patria-un-acto-de-justicia-historica-fiscal-de-oaxaca-bernardo-rodriguez-alamilla","title":{"rendered":"BOLET\u00cdN 1729.- \u201cReconocer a las Mujeres de la Patria, un acto de justicia hist\u00f3rica\u201d: Fiscal de Oaxaca, Bernardo Rodr\u00edguez Alamilla"},"content":{"rendered":"<p style=\"font-weight: 400\"><strong>Oaxaca de Ju\u00e1rez, Oax. 07 de septiembre de 2025.-\u00a0<\/strong>Durante la conmemoraci\u00f3n del mes patrio denominada \u201cMujeres de la Patria\u201d, el Fiscal de Oaxaca, Bernardo Rodr\u00edguez Alamilla, dijo que reconocer el papel fundamental de las Mujeres en la historia de M\u00e9xico es un acto de justicia, ya que durante mucho tiempo, su participaci\u00f3n fue relegada a las sombras de la memoria colectiva, pero ahora con iniciativas como esta se reivindica su papel como protagonistas en la construcci\u00f3n de la Naci\u00f3n.<\/p>\n<p style=\"font-weight: 400\">\n<p style=\"font-weight: 400\">En esta ceremonia en la que tambi\u00e9n se realiz\u00f3 el izamiento del L\u00e1baro Patrio, el Fiscal General del Estado, Bernardo Rodr\u00edguez Alamilla, subray\u00f3 que la historia de M\u00e9xico no puede entenderse sin las voces y aportaciones de mujeres como Sor Juana In\u00e9s de la Cruz, Leona Vicario, Josefa Ortiz de Dom\u00ednguez, las soldaderas de la Revoluci\u00f3n, as\u00ed como cient\u00edficas, artistas, escritoras y l\u00edderes sociales, quienes han dejado una huella profunda en el desarrollo del pa\u00eds.<\/p>\n<p style=\"font-weight: 400\">\n<p style=\"font-weight: 400\">\u201cCelebrar a las Mujeres de la Patria es un acto de justicia hist\u00f3rica que ilumina las innumerables contribuciones de mujeres que a menudo han permanecido en la sombra. Su legado inspira a las futuras generaciones a construir un M\u00e9xico m\u00e1s equitativo y digno para todas y todos\u201d, afirm\u00f3 Rodr\u00edguez Alamilla.<\/p>\n<p style=\"font-weight: 400\">\n<p style=\"font-weight: 400\">En su mensaje, el Fiscal de Oaxaca, destac\u00f3 que este reconocimiento no es \u00fanicamente un homenaje simb\u00f3lico, sino un llamado a garantizar que las mujeres, particularmente las de Oaxaca, puedan ejercer plenamente sus derechos en un entorno de justicia, seguridad y respeto.<\/p>\n<p style=\"font-weight: 400\">\n<p style=\"font-weight: 400\">Asimismo, enfatiz\u00f3 que la lucha actual no es contra fuerzas extranjeras, sino contra la violencia, la desigualdad y la injusticia que afectan a mujeres y ni\u00f1as.<\/p>\n<p style=\"font-weight: 400\">\n<p style=\"font-weight: 400\">\u201cLas hero\u00ednas de nuestro tiempo son aquellas que alzan la voz contra la violencia y luchan por un futuro libre de discriminaci\u00f3n\u201d, puntualiz\u00f3 el Fiscal de Oaxaca.<\/p>\n<p style=\"font-weight: 400\">\n<p style=\"font-weight: 400\">Y reiter\u00f3 que la Fiscal\u00eda General del Estado est\u00e1 comprometida con trabajar para que la justicia sea un derecho efectivo y accesible, en el que ninguna voz sea silenciada y cada mujer encuentre el respaldo y la protecci\u00f3n que merece.<\/p>\n<p style=\"font-weight: 400\">\n<p style=\"font-weight: 400\">La Fiscal\u00eda General del Estado de Oaxaca se sum\u00f3 a las actividades del mes de la patria con esta actividad,\u00a0 adem\u00e1s de ser una oportunidad para honrar la memoria de las mujeres que han dado patria, reconociendo que la libertad y la justicia solo son plenas cuando se garantizan para todas y todos.<\/p>\n<p style=\"font-weight: 400\"><img fetchpriority=\"high\" decoding=\"async\" class=\"alignnone size-medium wp-image-9979\" src=\"https:\/\/portal.fgeo.gob.mx\/wp-content\/uploads\/2025\/09\/WhatsApp-Image-2025-09-07-at-1.26.34-PM-3-300x187.jpeg\" alt=\"\" width=\"300\" height=\"187\" \/> <img decoding=\"async\" class=\"alignnone size-medium wp-image-9980\" src=\"https:\/\/portal.fgeo.gob.mx\/wp-content\/uploads\/2025\/09\/WhatsApp-Image-2025-09-07-at-1.26.34-PM-2-300x200.jpeg\" alt=\"\" width=\"300\" height=\"200\" \/> <img decoding=\"async\" class=\"alignnone size-medium wp-image-9981\" src=\"https:\/\/portal.fgeo.gob.mx\/wp-content\/uploads\/2025\/09\/WhatsApp-Image-2025-09-07-at-1.26.34-PM-1-300x200.jpeg\" alt=\"\" width=\"300\" height=\"200\" \/> <img loading=\"lazy\" decoding=\"async\" class=\"alignnone size-medium wp-image-9982\" src=\"https:\/\/portal.fgeo.gob.mx\/wp-content\/uploads\/2025\/09\/WhatsApp-Image-2025-09-07-at-1.26.34-PM-300x200.jpeg\" alt=\"\" width=\"300\" height=\"200\" \/> <img loading=\"lazy\" decoding=\"async\" class=\"alignnone size-medium wp-image-9983\" src=\"https:\/\/portal.fgeo.gob.mx\/wp-content\/uploads\/2025\/09\/WhatsApp-Image-2025-09-07-at-1.26.33-PM-12-300x200.jpeg\" alt=\"\" width=\"300\" height=\"200\" \/> <img loading=\"lazy\" decoding=\"async\" class=\"alignnone size-medium wp-image-9984\" src=\"https:\/\/portal.fgeo.gob.mx\/wp-content\/uploads\/2025\/09\/WhatsApp-Image-2025-09-07-at-1.26.33-PM-11-300x189.jpeg\" alt=\"\" width=\"300\" height=\"189\" \/> <img loading=\"lazy\" decoding=\"async\" class=\"alignnone size-medium wp-image-9985\" src=\"https:\/\/portal.fgeo.gob.mx\/wp-content\/uploads\/2025\/09\/WhatsApp-Image-2025-09-07-at-1.26.33-PM-10-300x200.jpeg\" alt=\"\" width=\"300\" height=\"200\" \/> <img loading=\"lazy\" decoding=\"async\" class=\"alignnone size-medium wp-image-9986\" src=\"https:\/\/portal.fgeo.gob.mx\/wp-content\/uploads\/2025\/09\/WhatsApp-Image-2025-09-07-at-1.26.33-PM-9-300x200.jpeg\" alt=\"\" width=\"300\" height=\"200\" \/> <img loading=\"lazy\" decoding=\"async\" class=\"alignnone size-medium wp-image-9987\" src=\"https:\/\/portal.fgeo.gob.mx\/wp-content\/uploads\/2025\/09\/WhatsApp-Image-2025-09-07-at-1.26.33-PM-8-300x200.jpeg\" alt=\"\" width=\"300\" height=\"200\" \/> <img loading=\"lazy\" decoding=\"async\" class=\"alignnone size-medium wp-image-9988\" src=\"https:\/\/portal.fgeo.gob.mx\/wp-content\/uploads\/2025\/09\/WhatsApp-Image-2025-09-07-at-1.26.33-PM-7-300x200.jpeg\" alt=\"\" width=\"300\" height=\"200\" \/> <img loading=\"lazy\" decoding=\"async\" class=\"alignnone size-medium wp-image-9989\" src=\"https:\/\/portal.fgeo.gob.mx\/wp-content\/uploads\/2025\/09\/12-1-300x200.jpeg\" alt=\"\" width=\"300\" height=\"200\" \/> <img loading=\"lazy\" decoding=\"async\" class=\"alignnone size-medium wp-image-9990\" src=\"https:\/\/portal.fgeo.gob.mx\/wp-content\/uploads\/2025\/09\/11-1-200x300.jpeg\" alt=\"\" width=\"200\" height=\"300\" \/> <img loading=\"lazy\" decoding=\"async\" class=\"alignnone size-medium wp-image-9991\" src=\"https:\/\/portal.fgeo.gob.mx\/wp-content\/uploads\/2025\/09\/10-1-300x200.jpeg\" alt=\"\" width=\"300\" height=\"200\" \/> <img loading=\"lazy\" decoding=\"async\" class=\"alignnone size-medium wp-image-9992\" src=\"https:\/\/portal.fgeo.gob.mx\/wp-content\/uploads\/2025\/09\/9-1-300x200.jpeg\" alt=\"\" width=\"300\" height=\"200\" \/> <img loading=\"lazy\" decoding=\"async\" class=\"alignnone size-medium wp-image-9993\" src=\"https:\/\/portal.fgeo.gob.mx\/wp-content\/uploads\/2025\/09\/8-1-300x200.jpeg\" alt=\"\" width=\"300\" height=\"200\" \/> <img loading=\"lazy\" decoding=\"async\" class=\"alignnone size-medium wp-image-9994\" src=\"https:\/\/portal.fgeo.gob.mx\/wp-content\/uploads\/2025\/09\/7-1-300x200.jpeg\" alt=\"\" width=\"300\" height=\"200\" \/> <img loading=\"lazy\" decoding=\"async\" class=\"alignnone size-medium wp-image-9995\" src=\"https:\/\/portal.fgeo.gob.mx\/wp-content\/uploads\/2025\/09\/6-1-300x200.jpeg\" alt=\"\" width=\"300\" height=\"200\" \/> <img loading=\"lazy\" decoding=\"async\" class=\"alignnone size-medium wp-image-9996\" src=\"https:\/\/portal.fgeo.gob.mx\/wp-content\/uploads\/2025\/09\/5-1-300x200.jpeg\" alt=\"\" width=\"300\" height=\"200\" \/> <img loading=\"lazy\" decoding=\"async\" class=\"alignnone size-medium wp-image-9997\" src=\"https:\/\/portal.fgeo.gob.mx\/wp-content\/uploads\/2025\/09\/4-1-300x200.jpeg\" alt=\"\" width=\"300\" height=\"200\" \/> <img loading=\"lazy\" decoding=\"async\" class=\"alignnone size-medium wp-image-9998\" src=\"https:\/\/portal.fgeo.gob.mx\/wp-content\/uploads\/2025\/09\/3-300x200.jpeg\" alt=\"\" width=\"300\" height=\"200\" \/> <img loading=\"lazy\" decoding=\"async\" class=\"alignnone size-medium wp-image-9999\" src=\"https:\/\/portal.fgeo.gob.mx\/wp-content\/uploads\/2025\/09\/2-300x200.jpeg\" alt=\"\" width=\"300\" height=\"200\" \/> <img loading=\"lazy\" decoding=\"async\" class=\"alignnone size-medium wp-image-10000\" src=\"https:\/\/portal.fgeo.gob.mx\/wp-content\/uploads\/2025\/09\/1-300x200.jpeg\" alt=\"\" width=\"300\" height=\"200\" \/><\/p>\n","protected":false},"author":2,"featured_media":10001,"comment_status":"closed","ping_status":"closed","template":"","tags":[],"categoria_noticias":[],"class_list":["post-17013","noticias","type-noticias","status-publish","has-post-thumbnail","hentry"],"acf":[],"mb":[],"mfb_rest_fields":["title","gutenberg_elementor_mode"],"_links":{"self":[{"href":"https:\/\/portal.fgeo.gob.mx\/index.php\/wp-json\/wp\/v2\/noticias\/17013","targetHints":{"allow":["GET"]}}],"collection":[{"href":"https:\/\/portal.fgeo.gob.mx\/index.php\/wp-json\/wp\/v2\/noticias"}],"about":[{"href":"https:\/\/portal.fgeo.gob.mx\/index.php\/wp-json\/wp\/v2\/types\/noticias"}],"author":[{"embeddable":true,"href":"https:\/\/portal.fgeo.gob.mx\/index.php\/wp-json\/wp\/v2\/users\/2"}],"replies":[{"embeddable":true,"href":"https:\/\/portal.fgeo.gob.mx\/index.php\/wp-json\/wp\/v2\/comments?post=17013"}],"wp:featuredmedia":[{"embeddable":true,"href":"https:\/\/portal.fgeo.gob.mx\/index.php\/wp-json\/"}],"wp:attachment":[{"href":"https:\/\/portal.fgeo.gob.mx\/index.php\/wp-json\/wp\/v2\/media?parent=17013"}],"wp:term":[{"taxonomy":"post_tag","embeddable":true,"href":"https:\/\/portal.fgeo.gob.mx\/index.php\/wp-json\/wp\/v2\/tags?post=17013"},{"taxonomy":"categoria_noticias","embeddable":true,"href":"https:\/\/portal.fgeo.gob.mx\/index.php\/wp-json\/wp\/v2\/categoria_noticias?post=17013"}],"curies":[{"name":"wp","href":"https:\/\/api.w.org\/{rel}","templated":true}]}}