{"id":17011,"date":"2025-09-06T17:20:51","date_gmt":"2025-09-06T23:20:51","guid":{"rendered":"https:\/\/fge.oaxaca.gob.mx\/?post_type=noticias&amp;p=9956"},"modified":"2025-09-06T17:20:51","modified_gmt":"2025-09-06T23:20:51","slug":"boletin-1727-por-accion-inmediata-de-fiscalia-de-oaxaca-en-menos-de-48-horas-localizan-y-detienen-en-puebla-a-una-persona-por-homicidio-de-estudiante-ocurrido-en-huajuapan","status":"publish","type":"noticias","link":"https:\/\/portal.fgeo.gob.mx\/index.php\/archivos\/noticias\/boletin-1727-por-accion-inmediata-de-fiscalia-de-oaxaca-en-menos-de-48-horas-localizan-y-detienen-en-puebla-a-una-persona-por-homicidio-de-estudiante-ocurrido-en-huajuapan","title":{"rendered":"BOLET\u00cdN 1727.- Por acci\u00f3n inmediata de Fiscal\u00eda de Oaxaca, en menos de 48 horas, localizan y detienen en Puebla a una persona por homicidio de estudiante ocurrido en Huajuapan"},"content":{"rendered":"<p><strong>Oaxaca de Ju\u00e1rez, Oax. 06 de septiembre de 2025.- <\/strong>La Fiscal\u00eda General del Estado de Oaxaca realiz\u00f3 la detenci\u00f3n de una persona del sexo masculino, por su probable responsabilidad en la comisi\u00f3n de un homicidio, delito ocurrido en agravio de un estudiante en la ciudad de Huajuapan de Le\u00f3n.<\/p>\n<p>&nbsp;<\/p>\n<p>Gracias a la activaci\u00f3n inmediata de protocolos de investigaci\u00f3n, menos de 48 horas despu\u00e9s de cometido el delito, la Fiscal\u00eda de Oaxaca logr\u00f3 obtener pistas del paradero de la persona detenida, quien fue localizada en una comunidad del estado de Puebla .<\/p>\n<p>&nbsp;<\/p>\n<p>Derivado de estos trabajos, ministeriales, encabezados por la Vicefiscal\u00eda Regional de la Mixteca, junto con la Fiscal\u00eda Especializada en Justicia. para Adolescentes. Se realiz\u00f3 un operativo conjunto con la Fiscal\u00eda\u00a0 de Puebla para la captura del imputado.<\/p>\n<p>&nbsp;<\/p>\n<p>Luego de su detenci\u00f3n, la persona detenida ser\u00e1 trasladada al estado de Oaxaca, para quedar a disposici\u00f3n de las autoridades ministeriales correspondientes, para que se resuelva su situaci\u00f3n jur\u00eddica.<\/p>\n<p>&nbsp;<\/p>\n<p>Respecto a los hechos, estos sucedieron en la colonia &#8220;Las Campanas&#8221; de Huajuapan de Le\u00f3n, donde el 4 de septiembre de 2025, localizaron el cuerpo sin vida de un adolescente .<\/p>\n<p>&nbsp;<\/p>\n<p><img fetchpriority=\"high\" decoding=\"async\" class=\"alignnone size-medium wp-image-9957\" src=\"https:\/\/portal.fgeo.gob.mx\/wp-content\/uploads\/2025\/09\/BOLET%C3%8DN-1727.-Por-acci%C3%B3n-inmediata-de-Fiscal%C3%ADa-de-Oaxaca-en-menos-de-48-horas-localizan-y-detienen-en-Puebla-a-una-persona-por-homicidio-de-estudiante-ocurrido-en-Huajuapan_page-0001-232x300.jpg\" alt=\"\" width=\"232\" height=\"300\" \/><\/p>\n","protected":false},"author":2,"featured_media":9924,"comment_status":"closed","ping_status":"closed","template":"","tags":[],"categoria_noticias":[],"class_list":["post-17011","noticias","type-noticias","status-publish","has-post-thumbnail","hentry"],"acf":[],"mb":[],"mfb_rest_fields":["title","gutenberg_elementor_mode"],"_links":{"self":[{"href":"https:\/\/portal.fgeo.gob.mx\/index.php\/wp-json\/wp\/v2\/noticias\/17011","targetHints":{"allow":["GET"]}}],"collection":[{"href":"https:\/\/portal.fgeo.gob.mx\/index.php\/wp-json\/wp\/v2\/noticias"}],"about":[{"href":"https:\/\/portal.fgeo.gob.mx\/index.php\/wp-json\/wp\/v2\/types\/noticias"}],"author":[{"embeddable":true,"href":"https:\/\/portal.fgeo.gob.mx\/index.php\/wp-json\/wp\/v2\/users\/2"}],"replies":[{"embeddable":true,"href":"https:\/\/portal.fgeo.gob.mx\/index.php\/wp-json\/wp\/v2\/comments?post=17011"}],"wp:featuredmedia":[{"embeddable":true,"href":"https:\/\/portal.fgeo.gob.mx\/index.php\/wp-json\/"}],"wp:attachment":[{"href":"https:\/\/portal.fgeo.gob.mx\/index.php\/wp-json\/wp\/v2\/media?parent=17011"}],"wp:term":[{"taxonomy":"post_tag","embeddable":true,"href":"https:\/\/portal.fgeo.gob.mx\/index.php\/wp-json\/wp\/v2\/tags?post=17011"},{"taxonomy":"categoria_noticias","embeddable":true,"href":"https:\/\/portal.fgeo.gob.mx\/index.php\/wp-json\/wp\/v2\/categoria_noticias?post=17011"}],"curies":[{"name":"wp","href":"https:\/\/api.w.org\/{rel}","templated":true}]}}