{"id":17010,"date":"2025-09-05T17:00:50","date_gmt":"2025-09-05T23:00:50","guid":{"rendered":"https:\/\/fge.oaxaca.gob.mx\/?post_type=noticias&amp;p=9952"},"modified":"2025-09-05T17:00:50","modified_gmt":"2025-09-05T23:00:50","slug":"boletin-1726-fiscalia-de-oaxaca-obtiene-vinculacion-a-proceso-contra-tres-imputados-por-robo-en-vehiculo-cometido-en-tlalixtac-de-cabrera","status":"publish","type":"noticias","link":"https:\/\/portal.fgeo.gob.mx\/index.php\/archivos\/noticias\/boletin-1726-fiscalia-de-oaxaca-obtiene-vinculacion-a-proceso-contra-tres-imputados-por-robo-en-vehiculo-cometido-en-tlalixtac-de-cabrera","title":{"rendered":"BOLET\u00cdN 1,726.- Fiscal\u00eda de Oaxaca obtiene vinculaci\u00f3n a proceso contra tres imputados por robo en veh\u00edculo, cometido en Tlalixtac de Cabrera"},"content":{"rendered":"<p><strong>Oaxaca de Ju\u00e1rez, Oax. 05 de septiembre de 2025.- <\/strong>La Fiscal\u00eda General del Estado de Oaxaca (FGEO) obtuvo auto de vinculaci\u00f3n a proceso y prisi\u00f3n preventiva en contra de tres personas del sexo masculino identificados como L.H.H., A.J.H.H. y M.A.L.M., por el delito de Robo Espec\u00edfico, cometido en la regi\u00f3n de los Valles Centrales.<\/p>\n<p>&nbsp;<\/p>\n<p>De acuerdo con lo establecido en el expediente penal del caso, el 25 de agosto de 2025, un grupo de personas sustrajo diversas piezas de una unidad de motor, la cual se encontraba estacionada en inmediaciones del municipio de Tlalixtac de Cabrera.<\/p>\n<p>&nbsp;<\/p>\n<p>Gracias a la acci\u00f3n inmediata de la Fiscal\u00eda General del Estado de Oaxaca, a trav\u00e9s de la Vicefiscal\u00eda Regional de Valles Centrales, se logr\u00f3 la detenci\u00f3n de L.H.H., A.J.H.H. y M.A.L.M., quienes posteriormente fueron puestos a disposici\u00f3n de la autoridad correspondiente.<\/p>\n<p>&nbsp;<\/p>\n<p>En audiencia, y tras el desahogo de pruebas aportadas por la FGEO, el Juez de Control dict\u00f3 auto de vinculaci\u00f3n a proceso en contra de los tres imputados, por el delito de Robo Especifico, imponiendo la medida cautelar de prisi\u00f3n preventiva justificada, adem\u00e1s de otorgar el plazo de un mes para el cierre de la investigaci\u00f3n complementaria.<\/p>\n<p>&nbsp;<\/p>\n<p>La Fiscal\u00eda de Oaxaca realiza trabajos para combatir la comisi\u00f3n de delitos que afectan el patrimonio de la poblaci\u00f3n en distintas regiones de la entidad, con el objetivo de garantizar un adecuado acceso a la procuraci\u00f3n de justicia.<\/p>\n<figure id=\"attachment_9953\" aria-describedby=\"caption-attachment-9953\" style=\"width: 300px\" class=\"wp-caption alignnone\"><img decoding=\"async\" class=\"size-medium wp-image-9953\" src=\"https:\/\/portal.fgeo.gob.mx\/wp-content\/uploads\/2025\/09\/Dise%C3%B1o-sin-t%C3%ADtulo-8-300x163.jpg\" alt=\"\" width=\"300\" height=\"163\" \/><figcaption id=\"caption-attachment-9953\" class=\"wp-caption-text\">Dise\u00f1o sin t\u00edtulo &#8211; 1<\/figcaption><\/figure>\n<figure id=\"attachment_9954\" aria-describedby=\"caption-attachment-9954\" style=\"width: 233px\" class=\"wp-caption alignnone\"><img fetchpriority=\"high\" decoding=\"async\" class=\"size-medium wp-image-9954\" src=\"https:\/\/portal.fgeo.gob.mx\/wp-content\/uploads\/2025\/09\/Dise%C3%B1o-sin-t%C3%ADtulo-1-1-233x300.jpg\" alt=\"\" width=\"233\" height=\"300\" \/><figcaption id=\"caption-attachment-9954\" class=\"wp-caption-text\">Dise\u00f1o sin t\u00edtulo &#8211; 1<\/figcaption><\/figure>\n<figure id=\"attachment_9955\" aria-describedby=\"caption-attachment-9955\" style=\"width: 240px\" class=\"wp-caption alignnone\"><img decoding=\"async\" class=\"size-medium wp-image-9955\" src=\"https:\/\/portal.fgeo.gob.mx\/wp-content\/uploads\/2025\/09\/Dise%C3%B1o-sin-t%C3%ADtulo-2-1-240x300.jpg\" alt=\"\" width=\"240\" height=\"300\" \/><figcaption id=\"caption-attachment-9955\" class=\"wp-caption-text\">Dise\u00f1o sin t\u00edtulo &#8211; 1<\/figcaption><\/figure>\n","protected":false},"author":2,"featured_media":9924,"comment_status":"closed","ping_status":"closed","template":"","tags":[],"categoria_noticias":[],"class_list":["post-17010","noticias","type-noticias","status-publish","has-post-thumbnail","hentry"],"acf":[],"mb":[],"mfb_rest_fields":["title","gutenberg_elementor_mode"],"_links":{"self":[{"href":"https:\/\/portal.fgeo.gob.mx\/index.php\/wp-json\/wp\/v2\/noticias\/17010","targetHints":{"allow":["GET"]}}],"collection":[{"href":"https:\/\/portal.fgeo.gob.mx\/index.php\/wp-json\/wp\/v2\/noticias"}],"about":[{"href":"https:\/\/portal.fgeo.gob.mx\/index.php\/wp-json\/wp\/v2\/types\/noticias"}],"author":[{"embeddable":true,"href":"https:\/\/portal.fgeo.gob.mx\/index.php\/wp-json\/wp\/v2\/users\/2"}],"replies":[{"embeddable":true,"href":"https:\/\/portal.fgeo.gob.mx\/index.php\/wp-json\/wp\/v2\/comments?post=17010"}],"wp:featuredmedia":[{"embeddable":true,"href":"https:\/\/portal.fgeo.gob.mx\/index.php\/wp-json\/"}],"wp:attachment":[{"href":"https:\/\/portal.fgeo.gob.mx\/index.php\/wp-json\/wp\/v2\/media?parent=17010"}],"wp:term":[{"taxonomy":"post_tag","embeddable":true,"href":"https:\/\/portal.fgeo.gob.mx\/index.php\/wp-json\/wp\/v2\/tags?post=17010"},{"taxonomy":"categoria_noticias","embeddable":true,"href":"https:\/\/portal.fgeo.gob.mx\/index.php\/wp-json\/wp\/v2\/categoria_noticias?post=17010"}],"curies":[{"name":"wp","href":"https:\/\/api.w.org\/{rel}","templated":true}]}}