{"id":17008,"date":"2025-09-05T12:47:10","date_gmt":"2025-09-05T18:47:10","guid":{"rendered":"https:\/\/fge.oaxaca.gob.mx\/?post_type=noticias&amp;p=9948"},"modified":"2025-09-05T12:47:10","modified_gmt":"2025-09-05T18:47:10","slug":"boletin-1724-fiscalia-de-oaxaca-detiene-a-m-a-m-r-alias-el-pinqui-por-el-delito-de-violacion-equiparada-cometido-en-la-region-del-istmo","status":"publish","type":"noticias","link":"https:\/\/portal.fgeo.gob.mx\/index.php\/archivos\/noticias\/boletin-1724-fiscalia-de-oaxaca-detiene-a-m-a-m-r-alias-el-pinqui-por-el-delito-de-violacion-equiparada-cometido-en-la-region-del-istmo","title":{"rendered":"BOLET\u00cdN 1,724.- Fiscal\u00eda de Oaxaca detiene a M.A.M.R., alias el &#8220;Pinqui&#8221;, por el delito de Violaci\u00f3n Equiparada cometido en la regi\u00f3n del Istmo"},"content":{"rendered":"<p>&nbsp;<\/p>\n<p><strong>Oaxaca de Ju\u00e1rez, Oax. 05 de septiembre de 2025.- <\/strong>La Fiscal\u00eda General del Estado de Oaxaca (FGEO) ejecut\u00f3 una orden de aprehensi\u00f3n que permiti\u00f3 la detenci\u00f3n de una persona del sexo masculino identificada como M.A.M.R., por el delito de Violaci\u00f3n Equiparada Agravada cometida en la regi\u00f3n del Istmo.<\/p>\n<p>&nbsp;<\/p>\n<p>La detenci\u00f3n de M.A.M.R., se efectu\u00f3 en la calle Jos\u00e9 Vasconcelos esquina con Francisco I Madero en Salinas Cruz, gracias a los trabajos realizados por la Vicefiscal\u00eda Regional del Istmo, as\u00ed como elementos de la Agencia Estatal de Investigaciones (AEI).<\/p>\n<p>&nbsp;<\/p>\n<p>El mandato judicial, deriva de conductas constitutivas del delito de Violaci\u00f3n Equiparada Agravada en contra de una menor de edad, agresi\u00f3n ocurrida el 06 de marzo de 2023.<\/p>\n<p>&nbsp;<\/p>\n<p>Una vez detenido, M.A.M.R. fue presentado ante la autoridad ministerial para su certificaci\u00f3n m\u00e9dica y proceso legal correspondiente.<\/p>\n<p>&nbsp;<\/p>\n<p>La Fiscal\u00eda de Oaxaca aplica los protocolos de g\u00e9nero en las investigaciones por este tipo de agresiones sexuales para que los delitos de esta naturaleza no queden impunes y las v\u00edctimas tengan acceso pleno e integral a la justicia.<\/p>\n<figure id=\"attachment_9949\" aria-describedby=\"caption-attachment-9949\" style=\"width: 289px\" class=\"wp-caption alignnone\"><img fetchpriority=\"high\" decoding=\"async\" class=\"size-medium wp-image-9949\" src=\"https:\/\/portal.fgeo.gob.mx\/wp-content\/uploads\/2025\/09\/Dise%C3%B1o-sin-t%C3%ADtulo-7-289x300.jpg\" alt=\"\" width=\"289\" height=\"300\" \/><figcaption id=\"caption-attachment-9949\" class=\"wp-caption-text\">Dise\u00f1o sin t\u00edtulo &#8211; 1<\/figcaption><\/figure>\n","protected":false},"author":2,"featured_media":9924,"comment_status":"closed","ping_status":"closed","template":"","tags":[],"categoria_noticias":[],"class_list":["post-17008","noticias","type-noticias","status-publish","has-post-thumbnail","hentry"],"acf":[],"mb":[],"mfb_rest_fields":["title","gutenberg_elementor_mode"],"_links":{"self":[{"href":"https:\/\/portal.fgeo.gob.mx\/index.php\/wp-json\/wp\/v2\/noticias\/17008","targetHints":{"allow":["GET"]}}],"collection":[{"href":"https:\/\/portal.fgeo.gob.mx\/index.php\/wp-json\/wp\/v2\/noticias"}],"about":[{"href":"https:\/\/portal.fgeo.gob.mx\/index.php\/wp-json\/wp\/v2\/types\/noticias"}],"author":[{"embeddable":true,"href":"https:\/\/portal.fgeo.gob.mx\/index.php\/wp-json\/wp\/v2\/users\/2"}],"replies":[{"embeddable":true,"href":"https:\/\/portal.fgeo.gob.mx\/index.php\/wp-json\/wp\/v2\/comments?post=17008"}],"wp:featuredmedia":[{"embeddable":true,"href":"https:\/\/portal.fgeo.gob.mx\/index.php\/wp-json\/"}],"wp:attachment":[{"href":"https:\/\/portal.fgeo.gob.mx\/index.php\/wp-json\/wp\/v2\/media?parent=17008"}],"wp:term":[{"taxonomy":"post_tag","embeddable":true,"href":"https:\/\/portal.fgeo.gob.mx\/index.php\/wp-json\/wp\/v2\/tags?post=17008"},{"taxonomy":"categoria_noticias","embeddable":true,"href":"https:\/\/portal.fgeo.gob.mx\/index.php\/wp-json\/wp\/v2\/categoria_noticias?post=17008"}],"curies":[{"name":"wp","href":"https:\/\/api.w.org\/{rel}","templated":true}]}}