{"id":17007,"date":"2025-09-05T09:34:14","date_gmt":"2025-09-05T15:34:14","guid":{"rendered":"https:\/\/fge.oaxaca.gob.mx\/?post_type=noticias&amp;p=9946"},"modified":"2025-09-05T09:34:14","modified_gmt":"2025-09-05T15:34:14","slug":"boletin-1723-fiscalia-de-oaxaca-obtiene-vinculacion-a-proceso-y-prision-preventiva-por-feminicidio-cometido-en-la-costa","status":"publish","type":"noticias","link":"https:\/\/portal.fgeo.gob.mx\/index.php\/archivos\/noticias\/boletin-1723-fiscalia-de-oaxaca-obtiene-vinculacion-a-proceso-y-prision-preventiva-por-feminicidio-cometido-en-la-costa","title":{"rendered":"BOLET\u00cdN 1,723.- Fiscal\u00eda de Oaxaca obtiene vinculaci\u00f3n a proceso y prisi\u00f3n preventiva por feminicidio cometido en la Costa"},"content":{"rendered":"<p>&nbsp;<\/p>\n<p><strong>Oaxaca de Ju\u00e1rez, Oax. 05 de septiembre de 2025.- <\/strong>En seguimiento a casos de violencia de g\u00e9nero contra la mujer y gracias al trabajo ministerial, la Fiscal\u00eda General del Estado de Oaxaca (FGEO) obtuvo auto de vinculaci\u00f3n a proceso y prisi\u00f3n preventiva en contra de una persona del sexo masculino identificado como I.S.C., por el delito de feminicidio, hechos ocurridos en la regi\u00f3n de la Costa.<\/p>\n<p>&nbsp;<\/p>\n<p>De acuerdo con el expediente penal del caso, la v\u00edctima -una mujer identificada como L.C.V.- fue reportada como No Localizada, por lo que de inmediato se activaron los protocolos de b\u00fasqueda correspondientes, sin embargo, fue hallada sin vida el 30 de agosto de 2025, al interior de un domicilio ubicado en la Primera Secci\u00f3n del municipio de Santa Mar\u00eda Colotepec.<\/p>\n<p>&nbsp;<\/p>\n<p>Las indagatorias revelan que, el cuerpo sin vida de la v\u00edctima fue depositado al interior de una fosa s\u00e9ptica en dicho domicilio, forma en que trataron de ocultar el delito.<\/p>\n<p>&nbsp;<\/p>\n<p>Al tener conocimiento de los hechos, la FGEO -a trav\u00e9s de la Vicefiscal\u00eda Regional de la Costa- llev\u00f3 a cabo las investigaciones apegadas a los protocolos de g\u00e9nero, que condujeron al paradero de I.S.C.<\/p>\n<p>&nbsp;<\/p>\n<p>Como resultado de estos trabajos encabezados por la FGEO, en un operativo conjunto en el que particip\u00f3 la Agencia Estatal de Investigaciones (AEI), se logr\u00f3 la detenci\u00f3n de I.S.C., quien fue puesto a disposici\u00f3n de la autoridad correspondiente.<\/p>\n<p>&nbsp;<\/p>\n<p>En audiencia, y tras evaluar los datos de prueba aportados por la Fiscal\u00eda de Oaxaca, el Juez dict\u00f3 auto de vinculaci\u00f3n a proceso en contra de I.S.C., por el delito de feminicidio, imponiendo la medida cautelar de prisi\u00f3n preventiva y otorg\u00f3 el plazo de cuatro meses para el cierre de la investigaci\u00f3n complementaria.<\/p>\n<p>&nbsp;<\/p>\n<p>En casos de feminicidio, la Fiscal\u00eda General del Estado de Oaxaca se compromete a realizar investigaciones correspondientes, a fin de presentar ante la justicia y aplicar todo el rigor de la Ley a quien o quienes resulten responsables por este tipo de delito.<\/p>\n<p><img fetchpriority=\"high\" decoding=\"async\" class=\"alignnone size-medium wp-image-9947\" src=\"https:\/\/portal.fgeo.gob.mx\/wp-content\/uploads\/2025\/09\/WhatsApp-Image-2025-09-02-at-5.53.49-PM-229x300.jpeg\" alt=\"\" width=\"229\" height=\"300\" \/><\/p>\n","protected":false},"author":2,"featured_media":9924,"comment_status":"closed","ping_status":"closed","template":"","tags":[],"categoria_noticias":[],"class_list":["post-17007","noticias","type-noticias","status-publish","has-post-thumbnail","hentry"],"acf":[],"mb":[],"mfb_rest_fields":["title","gutenberg_elementor_mode"],"_links":{"self":[{"href":"https:\/\/portal.fgeo.gob.mx\/index.php\/wp-json\/wp\/v2\/noticias\/17007","targetHints":{"allow":["GET"]}}],"collection":[{"href":"https:\/\/portal.fgeo.gob.mx\/index.php\/wp-json\/wp\/v2\/noticias"}],"about":[{"href":"https:\/\/portal.fgeo.gob.mx\/index.php\/wp-json\/wp\/v2\/types\/noticias"}],"author":[{"embeddable":true,"href":"https:\/\/portal.fgeo.gob.mx\/index.php\/wp-json\/wp\/v2\/users\/2"}],"replies":[{"embeddable":true,"href":"https:\/\/portal.fgeo.gob.mx\/index.php\/wp-json\/wp\/v2\/comments?post=17007"}],"wp:featuredmedia":[{"embeddable":true,"href":"https:\/\/portal.fgeo.gob.mx\/index.php\/wp-json\/"}],"wp:attachment":[{"href":"https:\/\/portal.fgeo.gob.mx\/index.php\/wp-json\/wp\/v2\/media?parent=17007"}],"wp:term":[{"taxonomy":"post_tag","embeddable":true,"href":"https:\/\/portal.fgeo.gob.mx\/index.php\/wp-json\/wp\/v2\/tags?post=17007"},{"taxonomy":"categoria_noticias","embeddable":true,"href":"https:\/\/portal.fgeo.gob.mx\/index.php\/wp-json\/wp\/v2\/categoria_noticias?post=17007"}],"curies":[{"name":"wp","href":"https:\/\/api.w.org\/{rel}","templated":true}]}}