{"id":17006,"date":"2025-09-04T13:11:37","date_gmt":"2025-09-04T19:11:37","guid":{"rendered":"https:\/\/fge.oaxaca.gob.mx\/?post_type=noticias&amp;p=9942"},"modified":"2025-09-04T13:11:37","modified_gmt":"2025-09-04T19:11:37","slug":"boletin-1721-fiscalia-de-oaxaca-aprehende-a-profesor-por-pederastia-agravada-cometido-en-contra-de-una-nina-en-escuela-primaria-de-la-region-mixteca","status":"publish","type":"noticias","link":"https:\/\/portal.fgeo.gob.mx\/index.php\/archivos\/noticias\/boletin-1721-fiscalia-de-oaxaca-aprehende-a-profesor-por-pederastia-agravada-cometido-en-contra-de-una-nina-en-escuela-primaria-de-la-region-mixteca","title":{"rendered":"BOLET\u00cdN 1,721.- Fiscal\u00eda de Oaxaca aprehende a profesor por pederastia agravada cometido en contra de una ni\u00f1a, en escuela primaria de la regi\u00f3n Mixteca"},"content":{"rendered":"<p>&nbsp;<\/p>\n<p><strong>Oaxaca de Ju\u00e1rez, Oax. 04 de septiembre de 2025.- <\/strong>Como parte de la estrategia de cero tolerancia a delitos contra las ni\u00f1as, ni\u00f1os y adolescentes, la Fiscal\u00eda General del Estado de Oaxaca (FGEO) ejecut\u00f3 una orden de aprehensi\u00f3n en contra de una persona del sexo masculino identificada como R.G.A., profesor de una escuela primaria ubicada en la regi\u00f3n de la Mixteca, por el delito de pederastia agravada cometida en agravio de una menor de edad.<\/p>\n<p>&nbsp;<\/p>\n<p>De acuerdo con la causa penal, los hechos sucedieron el 11 de febrero de 2025, cuando la v\u00edctima (una ni\u00f1a cuya identidad est\u00e1 reservada por ley) se encontraba en instalaciones de una escuela primaria ubicada en el municipio de Santos Reyes Yucun\u00e1, distrito de Huajuapan de Le\u00f3n, cuando sufri\u00f3 una agresi\u00f3n, conducta que, de acuerdo con el C\u00f3digo Penal Vigente en el Estado de Oaxaca, se configura como el delito de pederastia agravada.<\/p>\n<p>&nbsp;<\/p>\n<p>Derivado de la denuncia presentada, la Fiscal\u00eda General del Estado de Oaxaca -a trav\u00e9s de la Vicefiscal\u00eda Regional de la Mixteca- inici\u00f3 las investigaciones correspondientes, logrando ubicar y aprehender a R.G.A.<\/p>\n<p>&nbsp;<\/p>\n<p>Tras la detenci\u00f3n, R.G.A., fue presentado ante el Juez que lo requiri\u00f3 para determinar su situaci\u00f3n jur\u00eddica.<\/p>\n<p>&nbsp;<\/p>\n<p>La Fiscal\u00eda del Estado de Oaxaca refrenda su compromiso de brindar una atenci\u00f3n integral a las v\u00edctimas, especialmente cuando se trata de delitos cometidos en contra de ni\u00f1as, ni\u00f1os y adolescentes a efecto de garantizar el derecho a tener una vida libre de violencia.<\/p>\n<p><img fetchpriority=\"high\" decoding=\"async\" class=\"size-medium wp-image-9943\" src=\"https:\/\/portal.fgeo.gob.mx\/wp-content\/uploads\/2025\/09\/Dise%C3%B1o-sin-t%C3%ADtulo-6-288x300.jpg\" alt=\"\" width=\"288\" height=\"300\" \/><\/p>\n","protected":false},"author":2,"featured_media":9924,"comment_status":"closed","ping_status":"closed","template":"","tags":[],"categoria_noticias":[],"class_list":["post-17006","noticias","type-noticias","status-publish","has-post-thumbnail","hentry"],"acf":[],"mb":[],"mfb_rest_fields":["title","gutenberg_elementor_mode"],"_links":{"self":[{"href":"https:\/\/portal.fgeo.gob.mx\/index.php\/wp-json\/wp\/v2\/noticias\/17006","targetHints":{"allow":["GET"]}}],"collection":[{"href":"https:\/\/portal.fgeo.gob.mx\/index.php\/wp-json\/wp\/v2\/noticias"}],"about":[{"href":"https:\/\/portal.fgeo.gob.mx\/index.php\/wp-json\/wp\/v2\/types\/noticias"}],"author":[{"embeddable":true,"href":"https:\/\/portal.fgeo.gob.mx\/index.php\/wp-json\/wp\/v2\/users\/2"}],"replies":[{"embeddable":true,"href":"https:\/\/portal.fgeo.gob.mx\/index.php\/wp-json\/wp\/v2\/comments?post=17006"}],"wp:featuredmedia":[{"embeddable":true,"href":"https:\/\/portal.fgeo.gob.mx\/index.php\/wp-json\/"}],"wp:attachment":[{"href":"https:\/\/portal.fgeo.gob.mx\/index.php\/wp-json\/wp\/v2\/media?parent=17006"}],"wp:term":[{"taxonomy":"post_tag","embeddable":true,"href":"https:\/\/portal.fgeo.gob.mx\/index.php\/wp-json\/wp\/v2\/tags?post=17006"},{"taxonomy":"categoria_noticias","embeddable":true,"href":"https:\/\/portal.fgeo.gob.mx\/index.php\/wp-json\/wp\/v2\/categoria_noticias?post=17006"}],"curies":[{"name":"wp","href":"https:\/\/api.w.org\/{rel}","templated":true}]}}