{"id":17005,"date":"2025-09-04T09:54:04","date_gmt":"2025-09-04T15:54:04","guid":{"rendered":"https:\/\/fge.oaxaca.gob.mx\/?post_type=noticias&amp;p=9940"},"modified":"2025-09-04T09:54:04","modified_gmt":"2025-09-04T15:54:04","slug":"boletin-1720-obtiene-fiscalia-de-oaxacaprision-y-vinculacion-a-proceso-contra-j-a-a-c-alias-el-guero-chimadetenido-durante-cateo-en-centro-de-operaciones-de-narcomenudeo","status":"publish","type":"noticias","link":"https:\/\/portal.fgeo.gob.mx\/index.php\/archivos\/noticias\/boletin-1720-obtiene-fiscalia-de-oaxacaprision-y-vinculacion-a-proceso-contra-j-a-a-c-alias-el-guero-chimadetenido-durante-cateo-en-centro-de-operaciones-de-narcomenudeo","title":{"rendered":"BOLET\u00cdN 1,720.- Obtiene Fiscal\u00eda de Oaxaca prisi\u00f3n y vinculaci\u00f3n a proceso contra J.A.A.C. alias \u201cEl G\u00fcero Chima\u201d,detenido durante cateo en centro de operaciones de narcomenudeo"},"content":{"rendered":"<p>&nbsp;<\/p>\n<p><strong>Oaxaca de Ju\u00e1rez, Oax. 04 de septiembre de 2025.- <\/strong>La Fiscal\u00eda General del Estado de Oaxaca (FGEO) obtuvo auto de vinculaci\u00f3n a proceso en contra de una persona del sexo masculino identificado como J.A.A.C., alias \u201cEl G\u00fcero Chima\u201d, por el delito contra la salud en su modalidad de narcomenudeo en la hip\u00f3tesis de suministro de coca\u00edna y cannabis sativa, en hechos ocurridos en la regi\u00f3n de los Valles Centrales.<\/p>\n<p>&nbsp;<\/p>\n<p>La detenci\u00f3n de J.A.A.C., alias \u201cEl G\u00fcero Chima\u201d, se efectu\u00f3 durante un despliegue policial para cumplir una orden de cateo encabezado por la FGEO, a trav\u00e9s de la Vicefiscal\u00eda de Valles Centrales y la Agencia Estatal de investigaciones (AEI), en estrecha coordinaci\u00f3n con la Secretar\u00eda de la Defensa Nacional (DEFENSA) y la Polic\u00eda Estatal, en un domicilio del municipio de San Pablo Huixtepec, acci\u00f3n derivada de trabajos de inteligencia criminal que identificaron centros de operaci\u00f3n, as\u00ed como puntos de venta de droga usados por c\u00e9lulas delictivas locales.<\/p>\n<p>&nbsp;<\/p>\n<p>Como resultado del operativo judicial realizado en la calle de Nicol\u00e1s Bravo del barrio la Guadalupe del municipio de San Pablo Huixtepec, se logr\u00f3 el aseguramiento de diversas dosis de marihuana y coca\u00edna, adem\u00e1s de la detenci\u00f3n de J.A.A.C., alias \u201cEl G\u00fcero Chimba\u201d, quien fue puesto a disposici\u00f3n de la autoridad para determinar su situaci\u00f3n legal.<\/p>\n<p>&nbsp;<\/p>\n<p>Tras evaluar los datos de prueba de la FGEO, el Juez determin\u00f3 vincular a proceso a J.A.A.C., alias \u201cEl G\u00fcero Chimba\u201d, por el delito contra la salud en su modalidad de narcomenudeo en la hip\u00f3tesis de suministro de, coca\u00edna y cannabis sativa, imponiendo la medida cautelar de prisi\u00f3n preventiva adem\u00e1s de otorgar un mes para el cierre de la investigaci\u00f3n complementaria.<\/p>\n<p>&nbsp;<\/p>\n<p>Las labores de inteligencia coordinadas con instancias estatales y de la federaci\u00f3n son fundamentales para combatir con \u00e9xito el fen\u00f3meno delictivo, por lo que la FGEO est\u00e1 comprometida a implementar acciones que contribuyan a la seguridad p\u00fablica, la impartici\u00f3n de justicia y el abatimiento de la impunidad.<\/p>\n<p><img fetchpriority=\"high\" decoding=\"async\" class=\"alignnone size-medium wp-image-9941\" src=\"https:\/\/portal.fgeo.gob.mx\/wp-content\/uploads\/2025\/09\/WhatsApp-Image-2025-08-29-at-10.14.28-AM-300x218.jpeg\" alt=\"\" width=\"300\" height=\"218\" \/><\/p>\n","protected":false},"author":2,"featured_media":9924,"comment_status":"closed","ping_status":"closed","template":"","tags":[],"categoria_noticias":[],"class_list":["post-17005","noticias","type-noticias","status-publish","has-post-thumbnail","hentry"],"acf":[],"mb":[],"mfb_rest_fields":["title","gutenberg_elementor_mode"],"_links":{"self":[{"href":"https:\/\/portal.fgeo.gob.mx\/index.php\/wp-json\/wp\/v2\/noticias\/17005","targetHints":{"allow":["GET"]}}],"collection":[{"href":"https:\/\/portal.fgeo.gob.mx\/index.php\/wp-json\/wp\/v2\/noticias"}],"about":[{"href":"https:\/\/portal.fgeo.gob.mx\/index.php\/wp-json\/wp\/v2\/types\/noticias"}],"author":[{"embeddable":true,"href":"https:\/\/portal.fgeo.gob.mx\/index.php\/wp-json\/wp\/v2\/users\/2"}],"replies":[{"embeddable":true,"href":"https:\/\/portal.fgeo.gob.mx\/index.php\/wp-json\/wp\/v2\/comments?post=17005"}],"wp:featuredmedia":[{"embeddable":true,"href":"https:\/\/portal.fgeo.gob.mx\/index.php\/wp-json\/"}],"wp:attachment":[{"href":"https:\/\/portal.fgeo.gob.mx\/index.php\/wp-json\/wp\/v2\/media?parent=17005"}],"wp:term":[{"taxonomy":"post_tag","embeddable":true,"href":"https:\/\/portal.fgeo.gob.mx\/index.php\/wp-json\/wp\/v2\/tags?post=17005"},{"taxonomy":"categoria_noticias","embeddable":true,"href":"https:\/\/portal.fgeo.gob.mx\/index.php\/wp-json\/wp\/v2\/categoria_noticias?post=17005"}],"curies":[{"name":"wp","href":"https:\/\/api.w.org\/{rel}","templated":true}]}}