{"id":17003,"date":"2025-09-03T15:00:22","date_gmt":"2025-09-03T21:00:22","guid":{"rendered":"https:\/\/fge.oaxaca.gob.mx\/?post_type=noticias&amp;p=9936"},"modified":"2025-09-03T15:00:22","modified_gmt":"2025-09-03T21:00:22","slug":"boletin-1718-obtiene-fgeo-sentencia-condenatoria-de-20-anos-de-prision-contra-una-persona-por-el-delito-de-homicidio-calificado-con-ventaja-y-lesiones-calificadas-cometidos-en-mazatlan-villa-de-flo","status":"publish","type":"noticias","link":"https:\/\/portal.fgeo.gob.mx\/index.php\/archivos\/noticias\/boletin-1718-obtiene-fgeo-sentencia-condenatoria-de-20-anos-de-prision-contra-una-persona-por-el-delito-de-homicidio-calificado-con-ventaja-y-lesiones-calificadas-cometidos-en-mazatlan-villa-de-flo","title":{"rendered":"BOLET\u00cdN 1,718.- Obtiene FGEO sentencia condenatoria de 20 a\u00f1os de prisi\u00f3n contra una persona por el delito de homicidio calificado con ventaja y lesiones calificadas cometidos en Mazatl\u00e1n Villa de Flores"},"content":{"rendered":"<p>&nbsp;<\/p>\n<p><strong>Oaxaca de Ju\u00e1rez, Oax. 03 de septiembre de 2025.- <\/strong>La Fiscal\u00eda General del Estado de Oaxaca (FGEO) obtuvo una sentencia condenatoria de 20 a\u00f1os de prisi\u00f3n en contra de una persona del sexo masculino identificado como Nicol\u00e1s A.M., por el delito de homicidio calificado con ventaja en agravio de R.C.P. y de lesiones calificadas con ventaja en agravio de L.C.M., ocurrido en la regi\u00f3n de la Sierra de Flores Mag\u00f3n.<\/p>\n<p>Conforme al expediente penal del caso, los hechos ocurrieron el 26 de noviembre de 2024, cuando las v\u00edctimas se encontraban en inmediaciones del paraje del Rinc\u00f3n en la localidad de Aguacatitla, en el municipio Mazatl\u00e1n Villa de Flores, distrito de Teotitl\u00e1n, sitio donde las v\u00edctimas fueron atacadas con disparos de arma de fuego, infligiendo lesiones que ocasionaron la muerte a R.C.P., en tanto que la v\u00edctima L.C.M., result\u00f3 con lesiones.<\/p>\n<p>Ante estos hechos, la FGEO -a trav\u00e9s de la Vicefiscal\u00eda de Control Regional- realiz\u00f3 la investigaci\u00f3n ministerial correspondiente que permiti\u00f3 la detenci\u00f3n de Nicol\u00e1s A.M., para posteriormente ponerlo a disposici\u00f3n de las autoridades correspondientes.<\/p>\n<p>Tras las audiencias de desahogo de pruebas, el Tribunal de Enjuiciamiento dict\u00f3 sentencia condenatoria de 20 a\u00f1os, dos meses y 20 d\u00edas de prisi\u00f3n en contra de Nicol\u00e1s A.M., por su responsabilidad en la comisi\u00f3n del delito de homicidio calificado con ventaja y lesiones calificadas con ventaja, adem\u00e1s de imponer el pago por concepto de la reparaci\u00f3n del da\u00f1o.<\/p>\n<p>La Fiscal\u00eda General del Estado de Oaxaca reafirma su compromiso con la procuraci\u00f3n de justicia y el fortalecimiento de las investigaciones para llevar ante la ley a los responsables de la comisi\u00f3n de delitos.<\/p>\n<p>&nbsp;<\/p>\n","protected":false},"author":2,"featured_media":9924,"comment_status":"closed","ping_status":"closed","template":"","tags":[],"categoria_noticias":[],"class_list":["post-17003","noticias","type-noticias","status-publish","has-post-thumbnail","hentry"],"acf":[],"mb":[],"mfb_rest_fields":["title","gutenberg_elementor_mode"],"_links":{"self":[{"href":"https:\/\/portal.fgeo.gob.mx\/index.php\/wp-json\/wp\/v2\/noticias\/17003","targetHints":{"allow":["GET"]}}],"collection":[{"href":"https:\/\/portal.fgeo.gob.mx\/index.php\/wp-json\/wp\/v2\/noticias"}],"about":[{"href":"https:\/\/portal.fgeo.gob.mx\/index.php\/wp-json\/wp\/v2\/types\/noticias"}],"author":[{"embeddable":true,"href":"https:\/\/portal.fgeo.gob.mx\/index.php\/wp-json\/wp\/v2\/users\/2"}],"replies":[{"embeddable":true,"href":"https:\/\/portal.fgeo.gob.mx\/index.php\/wp-json\/wp\/v2\/comments?post=17003"}],"wp:featuredmedia":[{"embeddable":true,"href":"https:\/\/portal.fgeo.gob.mx\/index.php\/wp-json\/"}],"wp:attachment":[{"href":"https:\/\/portal.fgeo.gob.mx\/index.php\/wp-json\/wp\/v2\/media?parent=17003"}],"wp:term":[{"taxonomy":"post_tag","embeddable":true,"href":"https:\/\/portal.fgeo.gob.mx\/index.php\/wp-json\/wp\/v2\/tags?post=17003"},{"taxonomy":"categoria_noticias","embeddable":true,"href":"https:\/\/portal.fgeo.gob.mx\/index.php\/wp-json\/wp\/v2\/categoria_noticias?post=17003"}],"curies":[{"name":"wp","href":"https:\/\/api.w.org\/{rel}","templated":true}]}}