{"id":16998,"date":"2025-09-02T14:30:36","date_gmt":"2025-09-02T20:30:36","guid":{"rendered":"https:\/\/fge.oaxaca.gob.mx\/?post_type=noticias&amp;p=9919"},"modified":"2025-09-02T14:30:36","modified_gmt":"2025-09-02T20:30:36","slug":"boletin-1713-como-parte-de-la-estrategia-contra-los-delitos-sexuales-la-fiscalia-de-oaxaca-aprehende-a-tres-personas-en-las-regiones-de-la-costa-e-istmo","status":"publish","type":"noticias","link":"https:\/\/portal.fgeo.gob.mx\/index.php\/archivos\/noticias\/boletin-1713-como-parte-de-la-estrategia-contra-los-delitos-sexuales-la-fiscalia-de-oaxaca-aprehende-a-tres-personas-en-las-regiones-de-la-costa-e-istmo","title":{"rendered":"BOLET\u00cdN 1,713.- Como parte de la estrategia contra los delitos sexuales, la Fiscal\u00eda de Oaxaca aprehende a tres personas en las regiones de la Costa e Istmo"},"content":{"rendered":"<p><strong>Oaxaca de Ju\u00e1rez, Oax. 02 de septiembre de 2025.- <\/strong>En acciones coordinadas en combate a delitos contra la mujer, la Fiscal\u00eda General del Estado de Oaxaca (FGEO) dio cumplimiento a diversas \u00f3rdenes de aprehensi\u00f3n que permitieron la detenci\u00f3n de tres personas del sexo masculino por delitos de violaci\u00f3n agravada, violaci\u00f3n y abuso sexual agravado, cometidos en hechos distintos en las regiones de la Costa e Istmo de Tehuantepec.<\/p>\n<p>De acuerdo con la informaci\u00f3n obtenida por la FGEO, dos de las aprehensiones se llevaron a cabo tras las investigaciones de la Vicefiscal\u00eda Regional de la Costa las cuales se efectuaron en Pinotepa Nacional y en San Pedro Jicay\u00e1n.<\/p>\n<p>En el primer caso, los hechos ocurrieron el 22 de junio de 2021, cuando la v\u00edctima (una adolescente, cuya identidad est\u00e1 reservada por ley) se encontraba en el interior de un domicilio ubicado en la calle Cuauht\u00e9moc de la poblaci\u00f3n de Piedra Blanca perteneciente a Santiago Pinotepa Nacional, lugar donde lleg\u00f3 la persona que la agredi\u00f3.<\/p>\n<p>Una vez que la FGEO tom\u00f3 conocimiento del caso a trav\u00e9s de la denuncia, inici\u00f3 las investigaciones con perspectiva de g\u00e9nero a trav\u00e9s de la Vicefiscal\u00eda Regional de la Costa, las cuales permitieron obtener una orden de aprehensi\u00f3n en contra de F.S.T., por el delito de violaci\u00f3n agravada, quien fue detenido por elementos de la Agencia Estatal de Investigaciones (AEI) en inmediaciones de la calle Cuarta Sur de la colonia Centro de Pinotepa Nacional.<\/p>\n<p>La segunda aprehensi\u00f3n fue ejecutada en contra de un hombre identificado como A.M.L. o A.A.M.L., derivado de hechos ocurridos el 05 de agosto de 2007, cuando la v\u00edctima una mujer -cuya identidad est\u00e1 reservada por ley- se encontraba en su domicilio habitacional ubicado en la agencia municipal de la colonia &#8220;Los Marcelo&#8221; perteneciente al municipio de San Pedro Jicay\u00e1n, lugar donde fue sorprendida por su agresor quien la someti\u00f3 para atacarla sexualmente.<\/p>\n<p>Tras la denuncia, la Fiscal\u00eda de Oaxaca -a trav\u00e9s de la Vicefiscal\u00eda Regional de la Costa- abri\u00f3 una investigaci\u00f3n exhaustiva con perspectiva de g\u00e9nero, por el delito de violaci\u00f3n, logrando obtener un mandato judicial el cual fue ejecutado por elementos de la Agencia Estatal de Investigaciones (AEI) quedando a disposici\u00f3n de la autoridad competente para que resuelvan su situaci\u00f3n jur\u00eddica.<\/p>\n<p>La tercera orden de aprehensi\u00f3n fue ejecutada en contra de un hombre identificado como E.J.G., por los delitos de violaci\u00f3n agravada y abuso sexual agravado en agravio de dos menores, ocurridos el 16 de octubre de 2015 en una comunidad de L\u00e1zaro C\u00e1rdenas perteneciente a San Juan Mazatl\u00e1n.<\/p>\n<p>Hechos por los que la FGEO -a trav\u00e9s de la Vicefiscal\u00eda Regional del Istmo- inici\u00f3 las investigaciones derivado de la denuncia y con la cual lograron aprehender y detener bajo mandato judicial a E.J.G para posteriormente, llevarlo ante la autoridad que lo requiri\u00f3.<\/p>\n<p>La Fiscal\u00eda de Oaxaca prioriza las investigaciones relacionadas con delitos cometidos contra mujeres, ni\u00f1as y adolescentes para presentar ante la justicia a los responsables a fin de garantizar el derecho a una vida libre de violencia.<\/p>\n<p><img fetchpriority=\"high\" decoding=\"async\" class=\"size-medium wp-image-9920\" src=\"https:\/\/portal.fgeo.gob.mx\/wp-content\/uploads\/2025\/09\/M.L.-o-A.A.M.L.-300x266.jpg\" alt=\"\" width=\"300\" height=\"266\" \/><\/p>\n<p><img decoding=\"async\" class=\"size-medium wp-image-9921\" src=\"https:\/\/portal.fgeo.gob.mx\/wp-content\/uploads\/2025\/09\/E.J.G.-300x121.jpg\" alt=\"\" width=\"300\" height=\"121\" \/><\/p>\n<p><img decoding=\"async\" class=\"size-medium wp-image-9922\" src=\"https:\/\/portal.fgeo.gob.mx\/wp-content\/uploads\/2025\/09\/F.S.T.-300x169.jpg\" alt=\"\" width=\"300\" height=\"169\" \/><\/p>\n","protected":false},"author":2,"featured_media":9907,"comment_status":"closed","ping_status":"closed","template":"","tags":[],"categoria_noticias":[],"class_list":["post-16998","noticias","type-noticias","status-publish","has-post-thumbnail","hentry"],"acf":[],"mb":[],"mfb_rest_fields":["title","gutenberg_elementor_mode"],"_links":{"self":[{"href":"https:\/\/portal.fgeo.gob.mx\/index.php\/wp-json\/wp\/v2\/noticias\/16998","targetHints":{"allow":["GET"]}}],"collection":[{"href":"https:\/\/portal.fgeo.gob.mx\/index.php\/wp-json\/wp\/v2\/noticias"}],"about":[{"href":"https:\/\/portal.fgeo.gob.mx\/index.php\/wp-json\/wp\/v2\/types\/noticias"}],"author":[{"embeddable":true,"href":"https:\/\/portal.fgeo.gob.mx\/index.php\/wp-json\/wp\/v2\/users\/2"}],"replies":[{"embeddable":true,"href":"https:\/\/portal.fgeo.gob.mx\/index.php\/wp-json\/wp\/v2\/comments?post=16998"}],"wp:featuredmedia":[{"embeddable":true,"href":"https:\/\/portal.fgeo.gob.mx\/index.php\/wp-json\/"}],"wp:attachment":[{"href":"https:\/\/portal.fgeo.gob.mx\/index.php\/wp-json\/wp\/v2\/media?parent=16998"}],"wp:term":[{"taxonomy":"post_tag","embeddable":true,"href":"https:\/\/portal.fgeo.gob.mx\/index.php\/wp-json\/wp\/v2\/tags?post=16998"},{"taxonomy":"categoria_noticias","embeddable":true,"href":"https:\/\/portal.fgeo.gob.mx\/index.php\/wp-json\/wp\/v2\/categoria_noticias?post=16998"}],"curies":[{"name":"wp","href":"https:\/\/api.w.org\/{rel}","templated":true}]}}