{"id":16997,"date":"2025-09-02T12:02:18","date_gmt":"2025-09-02T18:02:18","guid":{"rendered":"https:\/\/fge.oaxaca.gob.mx\/?post_type=noticias&amp;p=9918"},"modified":"2025-09-02T12:02:18","modified_gmt":"2025-09-02T18:02:18","slug":"boletin-1712-fiscalia-de-oaxaca-obtiene-vinculacion-a-proceso-y-prision-contra-j-c-g-s-alias-el-che-juan-loco-por-homicidio-cometido-en-calles-de-san-antonio-de-la-cal","status":"publish","type":"noticias","link":"https:\/\/portal.fgeo.gob.mx\/index.php\/archivos\/noticias\/boletin-1712-fiscalia-de-oaxaca-obtiene-vinculacion-a-proceso-y-prision-contra-j-c-g-s-alias-el-che-juan-loco-por-homicidio-cometido-en-calles-de-san-antonio-de-la-cal","title":{"rendered":"BOLET\u00cdN 1,712.- Fiscal\u00eda de Oaxaca obtiene vinculaci\u00f3n a proceso y prisi\u00f3n contra J.C.G.S. alias \u201cEl Che Juan Loco\u201d, por homicidio cometido en calles de San Antonio de la Cal"},"content":{"rendered":"<p><strong>Oaxaca de Ju\u00e1rez, Oax. 02 de septiembre de 2025.- <\/strong>Derivado del trabajo ministerial que realiza la Fiscal\u00eda General del Estado de Oaxaca (FGEO) se obtuvo auto de vinculaci\u00f3n a proceso y prisi\u00f3n en contra de una persona del sexo masculino identificado como J.C.G.S. alias \u201cEl Che Juan Loco\u201d, por el delito de Homicidio Calificado con Ventaja en agravio de V.M.A.G., cometido en la regi\u00f3n de los Valles Centrales.<\/p>\n<p>De acuerdo con el expediente penal del caso, los hechos ocurrieron el 12 de diciembre de 2012, en calles del municipio de San Antonio de la Cal, lugar donde la v\u00edctima fue atacada con un arma punzocortante (cuchillo), infligiendo lesiones que le provocaron la muerte.<\/p>\n<p>Al tener conocimiento de los hechos, la FGEO a trav\u00e9s de la Vicefiscal\u00eda de Control Regional, realiz\u00f3 las investigaciones correspondientes, que permitieron obtener la orden de aprehensi\u00f3n en contra de J.C.G.S., quien fue detenido y puesto a disposici\u00f3n de la autoridad judicial que lo requiri\u00f3 para determinar su situaci\u00f3n jur\u00eddica.<\/p>\n<p>En audiencia, luego de evaluar las pruebas presentadas por la FGEO, el Juez de la causa determin\u00f3 vincular a proceso al imputado por el delito de homicidio calificado con ventaja, adem\u00e1s de imponer la medida cautelar respectiva.<\/p>\n<p>La Fiscal\u00eda de Oaxaca garantiza investigaciones exhaustivas para esclarecer delitos, aplicando todo el rigor de la Ley a quien o quienes resulten responsables.<\/p>\n<p>&nbsp;<\/p>\n","protected":false},"author":2,"featured_media":9907,"comment_status":"closed","ping_status":"closed","template":"","tags":[],"categoria_noticias":[],"class_list":["post-16997","noticias","type-noticias","status-publish","has-post-thumbnail","hentry"],"acf":[],"mb":[],"mfb_rest_fields":["title","gutenberg_elementor_mode"],"_links":{"self":[{"href":"https:\/\/portal.fgeo.gob.mx\/index.php\/wp-json\/wp\/v2\/noticias\/16997","targetHints":{"allow":["GET"]}}],"collection":[{"href":"https:\/\/portal.fgeo.gob.mx\/index.php\/wp-json\/wp\/v2\/noticias"}],"about":[{"href":"https:\/\/portal.fgeo.gob.mx\/index.php\/wp-json\/wp\/v2\/types\/noticias"}],"author":[{"embeddable":true,"href":"https:\/\/portal.fgeo.gob.mx\/index.php\/wp-json\/wp\/v2\/users\/2"}],"replies":[{"embeddable":true,"href":"https:\/\/portal.fgeo.gob.mx\/index.php\/wp-json\/wp\/v2\/comments?post=16997"}],"wp:featuredmedia":[{"embeddable":true,"href":"https:\/\/portal.fgeo.gob.mx\/index.php\/wp-json\/"}],"wp:attachment":[{"href":"https:\/\/portal.fgeo.gob.mx\/index.php\/wp-json\/wp\/v2\/media?parent=16997"}],"wp:term":[{"taxonomy":"post_tag","embeddable":true,"href":"https:\/\/portal.fgeo.gob.mx\/index.php\/wp-json\/wp\/v2\/tags?post=16997"},{"taxonomy":"categoria_noticias","embeddable":true,"href":"https:\/\/portal.fgeo.gob.mx\/index.php\/wp-json\/wp\/v2\/categoria_noticias?post=16997"}],"curies":[{"name":"wp","href":"https:\/\/api.w.org\/{rel}","templated":true}]}}