{"id":16996,"date":"2025-09-02T10:07:25","date_gmt":"2025-09-02T16:07:25","guid":{"rendered":"https:\/\/fge.oaxaca.gob.mx\/?post_type=noticias&amp;p=9916"},"modified":"2025-09-02T10:07:25","modified_gmt":"2025-09-02T16:07:25","slug":"boletin-1711-obtiene-fgeo-vinculacion-a-proceso-contra-tres-integrantes-de-la-banda-los-cheches-dedicada-a-la-venta-de-drogas-y-robos-en-huixtepec-y-zimatlan","status":"publish","type":"noticias","link":"https:\/\/portal.fgeo.gob.mx\/index.php\/archivos\/noticias\/boletin-1711-obtiene-fgeo-vinculacion-a-proceso-contra-tres-integrantes-de-la-banda-los-cheches-dedicada-a-la-venta-de-drogas-y-robos-en-huixtepec-y-zimatlan","title":{"rendered":"BOLET\u00cdN 1,711.- Obtiene FGEO vinculaci\u00f3n a proceso contra tres integrantes de la banda \u201cLos Cheches\u201d, dedicada a la venta de drogas y robos en Huixtepec y Zimatl\u00e1n"},"content":{"rendered":"<p><strong>Oaxaca de Ju\u00e1rez, Oax. 02 de septiembre de 2025.- <\/strong>La Fiscal\u00eda General del Estado de Oaxaca (FGEO) obtuvo auto de Vinculaci\u00f3n a Proceso contra tres personas del sexo masculino identificados como C.R.A., B.S.R.G y G.A.P.S., imputados por el delito contra la salud en su modalidad de narcomenudeo en su hip\u00f3tesis de comercio y posesi\u00f3n que operaban en el distrito de Zimatl\u00e1n de \u00c1lvarez en los Valles Centrales.<\/p>\n<p>De acuerdo con el expediente penal, los tres imputados fueron detenidos derivado del cumplimiento de una orden de cateo realizada en un domicilio ubicado en el barrio de San Antonio en l\u00edmites con San Pablo Huixtepec y Zimatl\u00e1n de \u00c1lvarez, lugar donde Agentes Estatales de Investigaci\u00f3n (AEI) junto con elementos de la Secretar\u00eda de la Defensa Nacional (DEFENSA) y Polic\u00eda Estatal, aseguraron bolsas de hierba seca caracter\u00edstica a la marihuana, as\u00ed como metanfetaminas, dinero en efectivo y una b\u00e1scula gramera, objetos los cuales fueron marcados como indicios para ser integrados a las investigaciones ministeriales, mientras que los tres detenidos fueron trasladados a las oficinas de la Vicefiscal\u00eda Regional de los Valles Centrales.<\/p>\n<p>Luego de su captura y puesta a disposici\u00f3n de la autoridad competente para la formulaci\u00f3n de imputaci\u00f3n, las investigaciones ministeriales establecieron que los tres detenidos forman parte de una banda denominada &#8220;Los Cheches&#8221; investigada por su relaci\u00f3n en la comisi\u00f3n de robos en la zona de San Pablo Huixtepec y Zimatl\u00e1n de \u00c1lvarez.<\/p>\n<p>En audiencia y tras el desahogo de pruebas, aportadas por la FGEO, el Juez de Control dict\u00f3 auto de vinculaci\u00f3n a proceso en contra de C.R.A., y B.S.R.G., por el delito contra la salud en su modalidad de narcomenudeo en su hip\u00f3tesis de comercio y, a G.A.P.S., por el delito contra la salud en su modalidad de narcomenudeo en su hip\u00f3tesis de posesi\u00f3n.<\/p>\n<p>La Fiscal\u00eda General de Oaxaca, refrenda su compromiso de seguir trabajando para combatir este tipo de delitos que da\u00f1an el tejido social y atentan contra el bienestar de la sociedad oaxaque\u00f1a.<\/p>\n<p><img decoding=\"async\" class=\"alignnone size-medium wp-image-9917\" src=\"https:\/\/portal.fgeo.gob.mx\/wp-content\/uploads\/2025\/09\/WhatsApp-Image-2025-09-01-at-11.14.23-AM-300x166.jpeg\" alt=\"\" width=\"300\" height=\"166\" \/><\/p>\n<p>&nbsp;<\/p>\n","protected":false},"author":2,"featured_media":9907,"comment_status":"closed","ping_status":"closed","template":"","tags":[],"categoria_noticias":[],"class_list":["post-16996","noticias","type-noticias","status-publish","has-post-thumbnail","hentry"],"acf":[],"mb":[],"mfb_rest_fields":["title","gutenberg_elementor_mode"],"_links":{"self":[{"href":"https:\/\/portal.fgeo.gob.mx\/index.php\/wp-json\/wp\/v2\/noticias\/16996","targetHints":{"allow":["GET"]}}],"collection":[{"href":"https:\/\/portal.fgeo.gob.mx\/index.php\/wp-json\/wp\/v2\/noticias"}],"about":[{"href":"https:\/\/portal.fgeo.gob.mx\/index.php\/wp-json\/wp\/v2\/types\/noticias"}],"author":[{"embeddable":true,"href":"https:\/\/portal.fgeo.gob.mx\/index.php\/wp-json\/wp\/v2\/users\/2"}],"replies":[{"embeddable":true,"href":"https:\/\/portal.fgeo.gob.mx\/index.php\/wp-json\/wp\/v2\/comments?post=16996"}],"wp:featuredmedia":[{"embeddable":true,"href":"https:\/\/portal.fgeo.gob.mx\/index.php\/wp-json\/"}],"wp:attachment":[{"href":"https:\/\/portal.fgeo.gob.mx\/index.php\/wp-json\/wp\/v2\/media?parent=16996"}],"wp:term":[{"taxonomy":"post_tag","embeddable":true,"href":"https:\/\/portal.fgeo.gob.mx\/index.php\/wp-json\/wp\/v2\/tags?post=16996"},{"taxonomy":"categoria_noticias","embeddable":true,"href":"https:\/\/portal.fgeo.gob.mx\/index.php\/wp-json\/wp\/v2\/categoria_noticias?post=16996"}],"curies":[{"name":"wp","href":"https:\/\/api.w.org\/{rel}","templated":true}]}}