{"id":16995,"date":"2025-09-01T17:00:36","date_gmt":"2025-09-01T23:00:36","guid":{"rendered":"https:\/\/fge.oaxaca.gob.mx\/?post_type=noticias&amp;p=9914"},"modified":"2025-09-01T17:00:36","modified_gmt":"2025-09-01T23:00:36","slug":"boletin-1710-fiscalia-de-oaxaca-obtiene-prision-y-vinculacion-a-proceso-por-equiparado-a-la-violacion-de-una-nina-ocurrida-en-la-sierra-mixe","status":"publish","type":"noticias","link":"https:\/\/portal.fgeo.gob.mx\/index.php\/archivos\/noticias\/boletin-1710-fiscalia-de-oaxaca-obtiene-prision-y-vinculacion-a-proceso-por-equiparado-a-la-violacion-de-una-nina-ocurrida-en-la-sierra-mixe","title":{"rendered":"BOLET\u00cdN 1,710.- Fiscal\u00eda de Oaxaca obtiene prisi\u00f3n y vinculaci\u00f3n a proceso por equiparado a la violaci\u00f3n de una ni\u00f1a, ocurrida en la Sierra Mixe"},"content":{"rendered":"<p>&nbsp;<\/p>\n<p><strong>Oaxaca de Ju\u00e1rez, Oax. 01 de septiembre de 2025.- <\/strong>Como resultado de las investigaciones enfocadas en garantizar los derechos a una vida libre de violencia para las ni\u00f1as, ni\u00f1os, adolescentes y mujeres, la Fiscal\u00eda General del Estado de Oaxaca (FGEO) obtuvo vinculaci\u00f3n a proceso y prisi\u00f3n preventiva en contra de un hombre identificado como A.F.P., imputado por el delito de equiparado a la violaci\u00f3n, ocurrida en la Sierra Mixe.<\/p>\n<p>El expediente penal del caso, detalla que el delito ocurri\u00f3 el 28 de julio de 2025, cuando la v\u00edctima (una ni\u00f1a de ocho a\u00f1os de edad, cuya identidad est\u00e1 reservada por ley) hab\u00eda acudido a comprar a una tienda de abarrotes, ubicada en calles de la localidad de Santiago Tepitongo, perteneciente a Totontepec Villa de Morelos, Mixe, lugar donde sufri\u00f3 agresiones.<\/p>\n<p>Al tener conocimiento de los hechos, derivado de la denuncia, la FGEO inici\u00f3 las investigaciones correspondientes a trav\u00e9s de la Vicefiscal\u00eda General de Control Regional, reuniendo las pruebas necesarias que permitieron obtener una orden de aprehensi\u00f3n y posteriormente la detenci\u00f3n de A.F.P., la cual fue ejecutada por elementos de la Agencia Estatal de Investigaciones (AEI) quienes lo prestaron ante la autoridad competente para su certificaci\u00f3n m\u00e9dica y posteriormente ante el Juez de control para su imputaci\u00f3n.<\/p>\n<p>En audiencia y derivado de la evaluaci\u00f3n de los datos de prueba aportados por la FGEO, el Juez de la causa dict\u00f3 auto de vinculaci\u00f3n a proceso en contra de A F.P., por el delito de equiparado a la violaci\u00f3n e impuso la medida cautelar de prisi\u00f3n preventiva justificada, otorgando un plazo de tres meses para el cierre de la investigaci\u00f3n complementaria.<\/p>\n<p>La Fiscal\u00eda General del Estado de Oaxaca prioriza las investigaciones relacionadas con delitos cometidos contra las mujeres, ni\u00f1as y adolescentes, para presentar ante la justicia a los responsables a fin de garantizar el derecho a una vida libre de violencia.<\/p>\n<p><img decoding=\"async\" class=\"size-medium wp-image-9915\" src=\"https:\/\/portal.fgeo.gob.mx\/wp-content\/uploads\/2025\/09\/Dise%C3%B1o-sin-t%C3%ADtulo-2-300x131.jpg\" alt=\"\" width=\"300\" height=\"131\" \/><\/p>\n","protected":false},"author":2,"featured_media":9907,"comment_status":"closed","ping_status":"closed","template":"","tags":[],"categoria_noticias":[],"class_list":["post-16995","noticias","type-noticias","status-publish","has-post-thumbnail","hentry"],"acf":[],"mb":[],"mfb_rest_fields":["title","gutenberg_elementor_mode"],"_links":{"self":[{"href":"https:\/\/portal.fgeo.gob.mx\/index.php\/wp-json\/wp\/v2\/noticias\/16995","targetHints":{"allow":["GET"]}}],"collection":[{"href":"https:\/\/portal.fgeo.gob.mx\/index.php\/wp-json\/wp\/v2\/noticias"}],"about":[{"href":"https:\/\/portal.fgeo.gob.mx\/index.php\/wp-json\/wp\/v2\/types\/noticias"}],"author":[{"embeddable":true,"href":"https:\/\/portal.fgeo.gob.mx\/index.php\/wp-json\/wp\/v2\/users\/2"}],"replies":[{"embeddable":true,"href":"https:\/\/portal.fgeo.gob.mx\/index.php\/wp-json\/wp\/v2\/comments?post=16995"}],"wp:featuredmedia":[{"embeddable":true,"href":"https:\/\/portal.fgeo.gob.mx\/index.php\/wp-json\/"}],"wp:attachment":[{"href":"https:\/\/portal.fgeo.gob.mx\/index.php\/wp-json\/wp\/v2\/media?parent=16995"}],"wp:term":[{"taxonomy":"post_tag","embeddable":true,"href":"https:\/\/portal.fgeo.gob.mx\/index.php\/wp-json\/wp\/v2\/tags?post=16995"},{"taxonomy":"categoria_noticias","embeddable":true,"href":"https:\/\/portal.fgeo.gob.mx\/index.php\/wp-json\/wp\/v2\/categoria_noticias?post=16995"}],"curies":[{"name":"wp","href":"https:\/\/api.w.org\/{rel}","templated":true}]}}