{"id":16994,"date":"2025-09-01T14:30:19","date_gmt":"2025-09-01T20:30:19","guid":{"rendered":"https:\/\/fge.oaxaca.gob.mx\/?post_type=noticias&amp;p=9912"},"modified":"2025-09-01T14:30:19","modified_gmt":"2025-09-01T20:30:19","slug":"boletin-1709-fiscalia-de-oaxaca-obtiene-prision-preventiva-y-vinculacion-a-proceso-contra-a-s-g-alias-el-pinky-objetivo-prioritario-de-juchitan-de-zaragoza","status":"publish","type":"noticias","link":"https:\/\/portal.fgeo.gob.mx\/index.php\/archivos\/noticias\/boletin-1709-fiscalia-de-oaxaca-obtiene-prision-preventiva-y-vinculacion-a-proceso-contra-a-s-g-alias-el-pinky-objetivo-prioritario-de-juchitan-de-zaragoza","title":{"rendered":"BOLET\u00cdN 1,709.- Fiscal\u00eda de Oaxaca obtiene prisi\u00f3n preventiva y vinculaci\u00f3n a proceso contra A.S.G., alias \u201cEl Pinky\u201d, objetivo prioritario de Juchit\u00e1n de Zaragoza"},"content":{"rendered":"<p>&nbsp;<\/p>\n<p><strong>Oaxaca de Ju\u00e1rez, Oax. 01 de septiembre de 2025.- <\/strong>Como resultado del trabajo de inteligencia efectuado mediante las acciones de la Operaci\u00f3n Sable, la Fiscal\u00eda General del Estado de Oaxaca (FGEO) obtuvo vinculaci\u00f3n a proceso en contra de una persona del sexo masculino identificado como A.S.G., alias \u201cEl Pinky\u201d, por el delito contra la salud en su modalidad de narcomenudeo en su hip\u00f3tesis de Suministro de metanfetaminas, el detenido es identificado como uno de los objetivos prioritarios por su probable involucramiento con c\u00e9lulas directivas en la regi\u00f3n del Istmo de Tehuantepec.<\/p>\n<p>De acuerdo con el expediente penal, la detenci\u00f3n de A.S.G. deriv\u00f3 de patrullajes interinstitucionales para reforzar la seguridad en el municipio de Juchit\u00e1n de Zaragoza, acciones en las que, adem\u00e1s de la Fiscal\u00eda de Oaxaca y elementos de la Agencia Estatal de Investigaciones (AEI) adscritos la Vicefiscal\u00eda Regional del Istmo, particip\u00f3 la Secretar\u00eda de la Defensa Nacional (DEFENSA).<\/p>\n<p>La investigaci\u00f3n detalla que, A.S.G. fue detenido tras efectuar una revisi\u00f3n de rutina en la que los elementos policiales hallaron decenas de bolsas empaquetadas con metanfetamina entre sus pertenencias, adem\u00e1s que, dentro de su unidad de motor (mototaxi) se le decomiso una b\u00e1scula gramera y diversos cartuchos \u00fatiles.<\/p>\n<p>Por estos hechos, A.S.G. alias \u201cEl Pinky\u201d, fue detenido junto con lo asegurado y puesto a disposici\u00f3n de la autoridad correspondiente para resolver su situaci\u00f3n legal.<\/p>\n<p>Gracias al trabajo ministerial de la Fiscal\u00eda de Oaxaca, a trav\u00e9s de la Vicefiscal\u00eda de Valles Centrales, el Juez determin\u00f3 vincular a proceso a A.S.G. alias \u201cEl Pinky\u201d, imponiendo la medida de prisi\u00f3n preventiva justificada por el delito contra la salud en su modalidad de narcomenudeo en su hip\u00f3tesis de suministro de metanfetaminas, adem\u00e1s de otorgar el plazo de un mes para el cierre de la investigaci\u00f3n complementaria.<\/p>\n<p>Las investigaciones iniciales permitieron establecer que A.S.G. alias \u201cEl Pinky\u201d, estar\u00eda relacionado con la comisi\u00f3n de diferentes conductas delictivas ligadas a c\u00e9lulas de la delincuencia organizada que tienen presencia en Juchit\u00e1n.<\/p>\n<p>Con este tipo de operativos, la Fiscal\u00eda de Oaxaca trabaja de manera coordinada con los tres \u00f3rdenes de gobierno para restaurar la seguridad p\u00fablica para la ciudadan\u00eda en las ocho regiones de la entidad.<\/p>\n<p><img decoding=\"async\" class=\"alignnone size-medium wp-image-9913\" src=\"https:\/\/portal.fgeo.gob.mx\/wp-content\/uploads\/2025\/09\/WhatsApp-Image-2025-08-27-at-11.13.23-AM-300x129.jpeg\" alt=\"\" width=\"300\" height=\"129\" \/><\/p>\n","protected":false},"author":2,"featured_media":9907,"comment_status":"closed","ping_status":"closed","template":"","tags":[],"categoria_noticias":[],"class_list":["post-16994","noticias","type-noticias","status-publish","has-post-thumbnail","hentry"],"acf":[],"mb":[],"mfb_rest_fields":["title","gutenberg_elementor_mode"],"_links":{"self":[{"href":"https:\/\/portal.fgeo.gob.mx\/index.php\/wp-json\/wp\/v2\/noticias\/16994","targetHints":{"allow":["GET"]}}],"collection":[{"href":"https:\/\/portal.fgeo.gob.mx\/index.php\/wp-json\/wp\/v2\/noticias"}],"about":[{"href":"https:\/\/portal.fgeo.gob.mx\/index.php\/wp-json\/wp\/v2\/types\/noticias"}],"author":[{"embeddable":true,"href":"https:\/\/portal.fgeo.gob.mx\/index.php\/wp-json\/wp\/v2\/users\/2"}],"replies":[{"embeddable":true,"href":"https:\/\/portal.fgeo.gob.mx\/index.php\/wp-json\/wp\/v2\/comments?post=16994"}],"wp:featuredmedia":[{"embeddable":true,"href":"https:\/\/portal.fgeo.gob.mx\/index.php\/wp-json\/"}],"wp:attachment":[{"href":"https:\/\/portal.fgeo.gob.mx\/index.php\/wp-json\/wp\/v2\/media?parent=16994"}],"wp:term":[{"taxonomy":"post_tag","embeddable":true,"href":"https:\/\/portal.fgeo.gob.mx\/index.php\/wp-json\/wp\/v2\/tags?post=16994"},{"taxonomy":"categoria_noticias","embeddable":true,"href":"https:\/\/portal.fgeo.gob.mx\/index.php\/wp-json\/wp\/v2\/categoria_noticias?post=16994"}],"curies":[{"name":"wp","href":"https:\/\/api.w.org\/{rel}","templated":true}]}}