{"id":16990,"date":"2025-08-30T15:10:43","date_gmt":"2025-08-30T21:10:43","guid":{"rendered":"https:\/\/fge.oaxaca.gob.mx\/?post_type=noticias&amp;p=9886"},"modified":"2025-08-30T15:10:43","modified_gmt":"2025-08-30T21:10:43","slug":"boletin-1705-fiscalia-de-oaxaca-fortalece-capacidades-de-busqueda-de-personas-mediante-difusion-publica-en-pantallas-de-la-zona-metropolitana","status":"publish","type":"noticias","link":"https:\/\/portal.fgeo.gob.mx\/index.php\/archivos\/noticias\/boletin-1705-fiscalia-de-oaxaca-fortalece-capacidades-de-busqueda-de-personas-mediante-difusion-publica-en-pantallas-de-la-zona-metropolitana","title":{"rendered":"BOLET\u00cdN 1705.- Fiscal\u00eda de Oaxaca fortalece capacidades de b\u00fasqueda de personas mediante difusi\u00f3n p\u00fablica en pantallas de la Zona Metropolitana"},"content":{"rendered":"<ul>\n<li><em>Se difundir\u00e1n fichas de b\u00fasqueda en principales cruceros de la ciudad de Oaxaca y zona metropolitana<\/em><\/li>\n<\/ul>\n<p><em>\u00a0<\/em><\/p>\n<p><strong>Oaxaca de Ju\u00e1rez, Oax.\u00a0 30 de agosto de 2025.- \u00a0<\/strong>Fortalecer las capacidades de la Fiscal\u00eda General del Estado de Oaxaca en materia de b\u00fasqueda de personas no localizadas es una prioridad institucional. En este marco el Fiscal General, Bernardo Rodr\u00edguez Alamilla firm\u00f3 un convenio de colaboraci\u00f3n con la empresa Go\u00edgoo Publiled para la publicaci\u00f3n de fichas de b\u00fasqueda, con el prop\u00f3sito de ampliar la difusi\u00f3n a trav\u00e9s de pantallas digitales instaladas en puntos estrat\u00e9gicos de la ciudad de Oaxaca de Ju\u00e1rez y la zona metropolitana.<\/p>\n<p>&nbsp;<\/p>\n<p>Al firmar el convenio de colaboraci\u00f3n, el Fiscal de Oaxaca,\u00a0 Bernardo Rodr\u00edguez Alamilla, destac\u00f3 que la difusi\u00f3n inmediata y masiva de las fichas de b\u00fasqueda es una herramienta estrat\u00e9gica que incrementa en forma significativa las probabilidades de obtener informaci\u00f3n que permita la localizaci\u00f3n de las v\u00edctimas.<\/p>\n<p>Rodr\u00edguez Alamilla reconoci\u00f3 la responsabilidad social y disposici\u00f3n del CEO de Go\u00edgoo Publiled, Rodrigo Velasco Garc\u00eda, pues al sumarse a la difusi\u00f3n de los boletines de b\u00fasqueda contribuye en forma directa a potenciar las capacidades institucionales en la investigaci\u00f3n para la localizaci\u00f3n de las personas, adem\u00e1s que entre los puntos que resaltan en este convenio es que se dar\u00e1 prioridad a los casos relacionados con ni\u00f1as, ni\u00f1os y adolescentes.<\/p>\n<p>&nbsp;<\/p>\n<p>El Fiscal de Oaxaca, Bernardo Rodr\u00edguez Alamilla sostuvo que esta colaboraci\u00f3n se suma al trabajo que realiza la Vicefiscal\u00eda General de Atenci\u00f3n a V\u00edctimas y la Sociedad, la cual cuenta con la Unidad de B\u00fasqueda de Personas No Localizadas, mejor conocida como DNOL, as\u00ed como la Unidad Especializada en Desaparici\u00f3n Forzada, la cual ha reforzado sus protocolos de actuaci\u00f3n incorporando nuevas t\u00e9cnicas como an\u00e1lisis de contexto, adem\u00e1s de hacer uso de tecnolog\u00eda como drones, radar terrestre y binomios caninos.<\/p>\n<p>&nbsp;<\/p>\n<p>Estas acciones se desarrollan en estricto apego a los lineamientos que marcan los protocolos generados por la Comisi\u00f3n Nacional de B\u00fasqueda de Personas.<\/p>\n<p>&nbsp;<\/p>\n<p>Adem\u00e1s que incorporan un enfoque diferencial y de derechos humanos, as\u00ed como la perspectiva de g\u00e9nero, con el prop\u00f3sito de brindar una atenci\u00f3n integral a las v\u00edctimas y garantizar mayor efectividad, es por ello que tambi\u00e9n ha fortalecido sus enlaces para mejorar la cooperaci\u00f3n interinstitucional.<\/p>\n<p>&nbsp;<\/p>\n<p>En este sentido el Fiscal Bernardo Rodr\u00edguez Alamilla dijo que las unidades especializadas cuentan con protocolos efectivos para la\u00a0 b\u00fasqueda y localizaci\u00f3n, los cuales han sido construidos para cumplir con los est\u00e1ndares internacionales que permitan mejorar los proceso de atenci\u00f3n a las v\u00edctimas indirectas, es decir, las familias de personas desaparecidas y no localizadas, a quienes se les brinda acompa\u00f1amiento y atenci\u00f3n integral para que tengan acceso a su derecho a la verdad y la justicia.<\/p>\n<p>&nbsp;<\/p>\n<p>Finalmente, el titular de la\u00a0 Fiscal\u00eda General del Estado de Oaxaca Bernardo Rodr\u00edguez Alamilla sostuvo que este convenio es parte del compromiso de mejorar las capacidades institucionales para brindar resultados eficientes a la ciudadan\u00eda pues, el objetivo principal es que este tipo de esfuerzos incrementen la efectividad en materia de localizaci\u00f3n de personas desaparecidas.<\/p>\n<p><img fetchpriority=\"high\" decoding=\"async\" class=\"alignnone size-medium wp-image-9888\" src=\"https:\/\/portal.fgeo.gob.mx\/wp-content\/uploads\/2025\/08\/BOLET%C3%8DN-1705.-Fiscal%C3%ADa-de-Oaxaca-fortalece-capacidades-de-b%C3%BAsqueda-de-personas-mediante-difusi%C3%B3n-p%C3%BAblica-en-pantallas-de-la-Zona-Metropolitana_page-0001-232x300.jpg\" alt=\"\" width=\"232\" height=\"300\" \/><\/p>\n","protected":false},"author":2,"featured_media":9887,"comment_status":"closed","ping_status":"closed","template":"","tags":[],"categoria_noticias":[],"class_list":["post-16990","noticias","type-noticias","status-publish","has-post-thumbnail","hentry"],"acf":[],"mb":[],"mfb_rest_fields":["title","gutenberg_elementor_mode"],"_links":{"self":[{"href":"https:\/\/portal.fgeo.gob.mx\/index.php\/wp-json\/wp\/v2\/noticias\/16990","targetHints":{"allow":["GET"]}}],"collection":[{"href":"https:\/\/portal.fgeo.gob.mx\/index.php\/wp-json\/wp\/v2\/noticias"}],"about":[{"href":"https:\/\/portal.fgeo.gob.mx\/index.php\/wp-json\/wp\/v2\/types\/noticias"}],"author":[{"embeddable":true,"href":"https:\/\/portal.fgeo.gob.mx\/index.php\/wp-json\/wp\/v2\/users\/2"}],"replies":[{"embeddable":true,"href":"https:\/\/portal.fgeo.gob.mx\/index.php\/wp-json\/wp\/v2\/comments?post=16990"}],"wp:featuredmedia":[{"embeddable":true,"href":"https:\/\/portal.fgeo.gob.mx\/index.php\/wp-json\/"}],"wp:attachment":[{"href":"https:\/\/portal.fgeo.gob.mx\/index.php\/wp-json\/wp\/v2\/media?parent=16990"}],"wp:term":[{"taxonomy":"post_tag","embeddable":true,"href":"https:\/\/portal.fgeo.gob.mx\/index.php\/wp-json\/wp\/v2\/tags?post=16990"},{"taxonomy":"categoria_noticias","embeddable":true,"href":"https:\/\/portal.fgeo.gob.mx\/index.php\/wp-json\/wp\/v2\/categoria_noticias?post=16990"}],"curies":[{"name":"wp","href":"https:\/\/api.w.org\/{rel}","templated":true}]}}