{"id":16989,"date":"2025-08-29T15:00:44","date_gmt":"2025-08-29T21:00:44","guid":{"rendered":"https:\/\/fge.oaxaca.gob.mx\/?post_type=noticias&amp;p=9884"},"modified":"2025-08-29T15:00:44","modified_gmt":"2025-08-29T21:00:44","slug":"boletin-1704-obtiene-fiscalia-de-oaxaca-prision-y-vinculacion-a-proceso-contra-j-a-l-s-alias-el-josefa-por-narcomenudeo-en-juchitan-de-zaragoza","status":"publish","type":"noticias","link":"https:\/\/portal.fgeo.gob.mx\/index.php\/archivos\/noticias\/boletin-1704-obtiene-fiscalia-de-oaxaca-prision-y-vinculacion-a-proceso-contra-j-a-l-s-alias-el-josefa-por-narcomenudeo-en-juchitan-de-zaragoza","title":{"rendered":"BOLET\u00cdN 1,704.- Obtiene Fiscal\u00eda de Oaxaca prisi\u00f3n y vinculaci\u00f3n a proceso contra J.A.L.S., alias \u201cEl Josefa\u201d por narcomenudeo en Juchit\u00e1n de Zaragoza"},"content":{"rendered":"<p><strong>Oaxaca de Ju\u00e1rez, Oax. 29 de agosto de 2025.- <\/strong>Como resultado del trabajo de investigaci\u00f3n ministerial en delitos de alto impacto, la Fiscal\u00eda General del Estado de Oaxaca (FGEO) obtuvo auto de vinculaci\u00f3n a proceso y prisi\u00f3n preventiva contra una persona del sexo masculino identificado como J. A.L.S., alias \u201cEl Josefa\u201d imputado por el delito contra la salud en modalidad de narcomenudeo en su hip\u00f3tesis de suministro, en hechos ocurridos en la regi\u00f3n del Istmo de Tehuantepec.<\/p>\n<p>&nbsp;<\/p>\n<p>Conforme a lo asentado en el expediente penal del caso, el imputado fue detenido por elementos de la Agencia Estatal de Investigaciones (AEI), el 08 de agosto de 2025, en inmediaciones del municipio de Juchit\u00e1n de Zaragoza.<\/p>\n<p>&nbsp;<\/p>\n<p>La investigaci\u00f3n detalla que, los agentes de investigaci\u00f3n se percataron que J.A.L.S., alias \u201cEl Josefa\u201d intercambiaba un objeto con alguien m\u00e1s, por lo que fue interceptado cuando intentaba huir.<\/p>\n<p>&nbsp;<\/p>\n<p>Tras ser inspeccionado, los efectivos hallaron entre sus pertenencias diversas bolsas que conten\u00edan metanfetamina, por lo que fue detenido y trasladado ante las autoridades ministeriales de la Vicefiscal\u00eda Regional de Valles Centrales que lo llev\u00f3 ante el juez de la causa para resolver su situaci\u00f3n jur\u00eddica.<\/p>\n<p>&nbsp;<\/p>\n<p>En audiencia y tras el desahogo de pruebas aportadas por la FGEO, el Juez de Control dict\u00f3 auto de vinculaci\u00f3n a proceso y prisi\u00f3n preventiva justificada en contra de J.A.L.S., alias \u201cEl Josefa\u201d, por el delito contra la salud en modalidad de narcomenudeo en su hip\u00f3tesis de suministro en agravio de la sociedad, otorgando el plazo de un mes para el cierre de la investigaci\u00f3n complementaria.<\/p>\n<p>&nbsp;<\/p>\n<p>La Fiscal\u00eda General de Oaxaca, refrenda su compromiso de seguir trabajando para combatir este tipo de delitos que da\u00f1an el tejido social y atentan contra el bienestar de la sociedad oaxaque\u00f1a.<\/p>\n<figure id=\"attachment_9885\" aria-describedby=\"caption-attachment-9885\" style=\"width: 300px\" class=\"wp-caption alignnone\"><img fetchpriority=\"high\" decoding=\"async\" class=\"size-medium wp-image-9885\" src=\"https:\/\/portal.fgeo.gob.mx\/wp-content\/uploads\/2025\/08\/Dise%C3%B1o-sin-t%C3%ADtulo-19-300x195.jpg\" alt=\"\" width=\"300\" height=\"195\" \/><figcaption id=\"caption-attachment-9885\" class=\"wp-caption-text\">Dise\u00f1o sin t\u00edtulo &#8211; 1<\/figcaption><\/figure>\n","protected":false},"author":2,"featured_media":9841,"comment_status":"closed","ping_status":"closed","template":"","tags":[],"categoria_noticias":[],"class_list":["post-16989","noticias","type-noticias","status-publish","has-post-thumbnail","hentry"],"acf":[],"mb":[],"mfb_rest_fields":["title","gutenberg_elementor_mode"],"_links":{"self":[{"href":"https:\/\/portal.fgeo.gob.mx\/index.php\/wp-json\/wp\/v2\/noticias\/16989","targetHints":{"allow":["GET"]}}],"collection":[{"href":"https:\/\/portal.fgeo.gob.mx\/index.php\/wp-json\/wp\/v2\/noticias"}],"about":[{"href":"https:\/\/portal.fgeo.gob.mx\/index.php\/wp-json\/wp\/v2\/types\/noticias"}],"author":[{"embeddable":true,"href":"https:\/\/portal.fgeo.gob.mx\/index.php\/wp-json\/wp\/v2\/users\/2"}],"replies":[{"embeddable":true,"href":"https:\/\/portal.fgeo.gob.mx\/index.php\/wp-json\/wp\/v2\/comments?post=16989"}],"wp:featuredmedia":[{"embeddable":true,"href":"https:\/\/portal.fgeo.gob.mx\/index.php\/wp-json\/"}],"wp:attachment":[{"href":"https:\/\/portal.fgeo.gob.mx\/index.php\/wp-json\/wp\/v2\/media?parent=16989"}],"wp:term":[{"taxonomy":"post_tag","embeddable":true,"href":"https:\/\/portal.fgeo.gob.mx\/index.php\/wp-json\/wp\/v2\/tags?post=16989"},{"taxonomy":"categoria_noticias","embeddable":true,"href":"https:\/\/portal.fgeo.gob.mx\/index.php\/wp-json\/wp\/v2\/categoria_noticias?post=16989"}],"curies":[{"name":"wp","href":"https:\/\/api.w.org\/{rel}","templated":true}]}}