{"id":16986,"date":"2025-08-28T17:00:45","date_gmt":"2025-08-28T23:00:45","guid":{"rendered":"https:\/\/fge.oaxaca.gob.mx\/?post_type=noticias&amp;p=9875"},"modified":"2025-08-28T17:00:45","modified_gmt":"2025-08-28T23:00:45","slug":"boletin-1701-fiscalia-de-oaxaca-encuentra-y-captura-en-queretaro-a-un-hombre-por-el-delito-de-violacion-hechos-ocurridos-en-santa-cruz-xoxocotlan","status":"publish","type":"noticias","link":"https:\/\/portal.fgeo.gob.mx\/index.php\/archivos\/noticias\/boletin-1701-fiscalia-de-oaxaca-encuentra-y-captura-en-queretaro-a-un-hombre-por-el-delito-de-violacion-hechos-ocurridos-en-santa-cruz-xoxocotlan","title":{"rendered":"BOLET\u00cdN 1,701.-  Fiscal\u00eda de Oaxaca encuentra y captura en Quer\u00e9taro a un hombre por el delito de violaci\u00f3n, hechos ocurridos en Santa Cruz Xoxocotl\u00e1n"},"content":{"rendered":"<p>&nbsp;<\/p>\n<p><strong>Oaxaca de Ju\u00e1rez, Oax. 28 de agosto de 2025.- <\/strong>La Fiscal\u00eda General del Estado de Oaxaca (FGEO), en colaboraci\u00f3n interinstitucional con la Fiscal\u00eda del estado de Quer\u00e9taro, ejecutaron una orden de aprehensi\u00f3n que permiti\u00f3 la detenci\u00f3n de una persona del sexo masculino identificado como J.R.O.V., por el delito violaci\u00f3n agravada en perjuicio de su propia hija, cometido en la regi\u00f3n de los Valles Centrales.<\/p>\n<p>&nbsp;<\/p>\n<p>La detenci\u00f3n de J.R.O.V., la efectu\u00f3 la Polic\u00eda Ministerial de la Fiscal\u00eda de Quer\u00e9taro, derivado de las investigaciones ministeriales de la Fiscal\u00eda de Oaxaca que\u00a0 localiz\u00f3 al imputado que hab\u00eda salido de la entidad para evadir la acci\u00f3n de la justicia.<\/p>\n<p>&nbsp;<\/p>\n<p>De acuerdo con el expediente penal del caso, los hechos ocurrieron el 24 y 29 de diciembre de 2018, en un domicilio ubicado en la colonia La Paz, perteneciente a Santa Cruz Xoxocotl\u00e1n, lugar donde la v\u00edctima sufri\u00f3 agresiones.<\/p>\n<p>&nbsp;<\/p>\n<p>Una vez que la FGEO tom\u00f3 conocimiento del caso, inici\u00f3 las investigaciones a trav\u00e9s de la Fiscal\u00eda Especializada en Justicia para Adolescentes, logrando obtener una orden de aprehensi\u00f3n en contra de J.R.O.V.<\/p>\n<p>&nbsp;<\/p>\n<p>Por lo que al realizar las labores de localizaci\u00f3n, se pudo establecer que J.R.O.V. se encontraba en el estado de Quer\u00e9taro, por lo que se solicit\u00f3 la colaboraci\u00f3n con la Fiscal\u00eda de aquella entidad para la ejecuci\u00f3n de la orden de aprehensi\u00f3n.<\/p>\n<p>&nbsp;<\/p>\n<p>Una vez detenido, se iniciaron los tr\u00e1mites administrativos para su traslado a la ciudad de Oaxaca para quedar a disposici\u00f3n de la autoridad ministerial correspondiente.<\/p>\n<p>&nbsp;<\/p>\n<p>Para la FGEO el trabajo interinstitucional con las Fiscal\u00edas de otras entidades del pa\u00eds y el empleo de protocolos y la aplicaci\u00f3n de t\u00e9cnicas cient\u00edficas e investigaciones de delitos contra ni\u00f1as, ni\u00f1os adolescentes y mujeres, permiten tener certeza en los trabajos de procuraci\u00f3n de justicia en el estado.<\/p>\n<p><img fetchpriority=\"high\" decoding=\"async\" class=\"size-medium wp-image-9876\" src=\"https:\/\/portal.fgeo.gob.mx\/wp-content\/uploads\/2025\/08\/Dise%C3%B1o-sin-t%C3%ADtulo-1-3-191x300.jpg\" alt=\"\" width=\"191\" height=\"300\" \/><\/p>\n","protected":false},"author":2,"featured_media":9841,"comment_status":"closed","ping_status":"closed","template":"","tags":[],"categoria_noticias":[],"class_list":["post-16986","noticias","type-noticias","status-publish","has-post-thumbnail","hentry"],"acf":[],"mb":[],"mfb_rest_fields":["title","gutenberg_elementor_mode"],"_links":{"self":[{"href":"https:\/\/portal.fgeo.gob.mx\/index.php\/wp-json\/wp\/v2\/noticias\/16986","targetHints":{"allow":["GET"]}}],"collection":[{"href":"https:\/\/portal.fgeo.gob.mx\/index.php\/wp-json\/wp\/v2\/noticias"}],"about":[{"href":"https:\/\/portal.fgeo.gob.mx\/index.php\/wp-json\/wp\/v2\/types\/noticias"}],"author":[{"embeddable":true,"href":"https:\/\/portal.fgeo.gob.mx\/index.php\/wp-json\/wp\/v2\/users\/2"}],"replies":[{"embeddable":true,"href":"https:\/\/portal.fgeo.gob.mx\/index.php\/wp-json\/wp\/v2\/comments?post=16986"}],"wp:featuredmedia":[{"embeddable":true,"href":"https:\/\/portal.fgeo.gob.mx\/index.php\/wp-json\/"}],"wp:attachment":[{"href":"https:\/\/portal.fgeo.gob.mx\/index.php\/wp-json\/wp\/v2\/media?parent=16986"}],"wp:term":[{"taxonomy":"post_tag","embeddable":true,"href":"https:\/\/portal.fgeo.gob.mx\/index.php\/wp-json\/wp\/v2\/tags?post=16986"},{"taxonomy":"categoria_noticias","embeddable":true,"href":"https:\/\/portal.fgeo.gob.mx\/index.php\/wp-json\/wp\/v2\/categoria_noticias?post=16986"}],"curies":[{"name":"wp","href":"https:\/\/api.w.org\/{rel}","templated":true}]}}