{"id":16984,"date":"2025-08-28T12:02:12","date_gmt":"2025-08-28T18:02:12","guid":{"rendered":"https:\/\/fge.oaxaca.gob.mx\/?post_type=noticias&amp;p=9871"},"modified":"2025-08-28T12:02:12","modified_gmt":"2025-08-28T18:02:12","slug":"boletin-1699-obtiene-fgeo-prision-y-vinculacion-a-proceso-contra-imputado-por-el-delito-de-pederastia-cometido-en-putla-villa-de-guerrero","status":"publish","type":"noticias","link":"https:\/\/portal.fgeo.gob.mx\/index.php\/archivos\/noticias\/boletin-1699-obtiene-fgeo-prision-y-vinculacion-a-proceso-contra-imputado-por-el-delito-de-pederastia-cometido-en-putla-villa-de-guerrero","title":{"rendered":"BOLET\u00cdN 1,699.- Obtiene FGEO prisi\u00f3n y vinculaci\u00f3n a proceso contra imputado por el delito de pederastia, cometido en Putla Villa de Guerrero"},"content":{"rendered":"<p>&nbsp;<\/p>\n<p><strong>Oaxaca de Ju\u00e1rez, Oax. 28 de agosto de 2025.- <\/strong>Como resultado de las investigaciones enfocadas en garantizar los derechos a una vida libre de violencia para las ni\u00f1as, ni\u00f1os, adolescentes y mujeres, la Fiscal\u00eda General del Estado de Oaxaca (FGEO) obtuvo vinculaci\u00f3n a proceso y prisi\u00f3n preventiva en contra de un hombre identificado como R.N.G., imputado por el delito de pederastia agravada, ocurrido en Putla Villa de Guerrero en la regi\u00f3n de la Sierra Sur.<\/p>\n<p>&nbsp;<\/p>\n<p>De acuerdo con el expediente penal, los hechos ocurrieron el 10 de julio de 2025, fecha en que la v\u00edctima -una menor de edad, cuya identidad est\u00e1 reservada por ley- se encontraba al interior de un domicilio ubicado en la colonia Se\u00f1or Santiago en Asunci\u00f3n Atoyaquillo, perteneciente a Putla Villa de Guerrero, lugar donde el imputado (abuelo de la v\u00edctima) la agredi\u00f3 sexualmente.<\/p>\n<p>&nbsp;<\/p>\n<p>Al tener conocimiento de los hechos, gracias a la denuncia de la familia de la v\u00edctima, la FGEO inici\u00f3 las investigaciones ministeriales correspondientes con perspectiva de infancia a trav\u00e9s de la Vicefiscal\u00eda Regional de la Mixteca, logrando obtener una orden de aprehensi\u00f3n en contra de R.N.G., quien luego de su detenci\u00f3n efectuada por Agentes Estatales de Investigaci\u00f3n (AEI) fue presentado ante el Ministerio P\u00fablico para su proceso legal correspondiente.<\/p>\n<p>&nbsp;<\/p>\n<p>En audiencia y derivado de la evaluaci\u00f3n de los datos de prueba aportados por la FGEO, el Juez de la causa dict\u00f3 auto de vinculaci\u00f3n a proceso en contra de R.N.G., por el delito de pederastia e impuso la medida cautelar de prisi\u00f3n preventiva justificada, otorgando el plazo de dos meses para el cierre de la investigaci\u00f3n complementaria.<\/p>\n<p>&nbsp;<\/p>\n<p>La Fiscal\u00eda General del Estado de Oaxaca tiene como prioridad garantizar procesos de justicia eficientes en los casos de delitos cometidos en contra de ni\u00f1as, ni\u00f1os y adolescentes, por medio de investigaciones integrales y con perspectiva de infancia que logren garantizar el inter\u00e9s superior de la ni\u00f1ez.<\/p>\n<figure id=\"attachment_9872\" aria-describedby=\"caption-attachment-9872\" style=\"width: 235px\" class=\"wp-caption alignnone\"><img fetchpriority=\"high\" decoding=\"async\" class=\"size-medium wp-image-9872\" src=\"https:\/\/portal.fgeo.gob.mx\/wp-content\/uploads\/2025\/08\/Dise%C3%B1o-sin-t%C3%ADtulo-16-235x300.jpg\" alt=\"\" width=\"235\" height=\"300\" \/><figcaption id=\"caption-attachment-9872\" class=\"wp-caption-text\">Dise\u00f1o sin t\u00edtulo &#8211; 1<\/figcaption><\/figure>\n","protected":false},"author":2,"featured_media":9841,"comment_status":"closed","ping_status":"closed","template":"","tags":[],"categoria_noticias":[],"class_list":["post-16984","noticias","type-noticias","status-publish","has-post-thumbnail","hentry"],"acf":[],"mb":[],"mfb_rest_fields":["title","gutenberg_elementor_mode"],"_links":{"self":[{"href":"https:\/\/portal.fgeo.gob.mx\/index.php\/wp-json\/wp\/v2\/noticias\/16984","targetHints":{"allow":["GET"]}}],"collection":[{"href":"https:\/\/portal.fgeo.gob.mx\/index.php\/wp-json\/wp\/v2\/noticias"}],"about":[{"href":"https:\/\/portal.fgeo.gob.mx\/index.php\/wp-json\/wp\/v2\/types\/noticias"}],"author":[{"embeddable":true,"href":"https:\/\/portal.fgeo.gob.mx\/index.php\/wp-json\/wp\/v2\/users\/2"}],"replies":[{"embeddable":true,"href":"https:\/\/portal.fgeo.gob.mx\/index.php\/wp-json\/wp\/v2\/comments?post=16984"}],"wp:featuredmedia":[{"embeddable":true,"href":"https:\/\/portal.fgeo.gob.mx\/index.php\/wp-json\/"}],"wp:attachment":[{"href":"https:\/\/portal.fgeo.gob.mx\/index.php\/wp-json\/wp\/v2\/media?parent=16984"}],"wp:term":[{"taxonomy":"post_tag","embeddable":true,"href":"https:\/\/portal.fgeo.gob.mx\/index.php\/wp-json\/wp\/v2\/tags?post=16984"},{"taxonomy":"categoria_noticias","embeddable":true,"href":"https:\/\/portal.fgeo.gob.mx\/index.php\/wp-json\/wp\/v2\/categoria_noticias?post=16984"}],"curies":[{"name":"wp","href":"https:\/\/api.w.org\/{rel}","templated":true}]}}