{"id":16983,"date":"2025-08-28T09:38:45","date_gmt":"2025-08-28T15:38:45","guid":{"rendered":"https:\/\/fge.oaxaca.gob.mx\/?post_type=noticias&amp;p=9869"},"modified":"2025-08-28T09:38:45","modified_gmt":"2025-08-28T15:38:45","slug":"boletin-1698-fiscalia-de-oaxaca-obtiene-sentencia-de-66-anos-de-prision-contra-responsable-de-feminicidio-de-su-esposa-cometido-en-san-andres-zautla","status":"publish","type":"noticias","link":"https:\/\/portal.fgeo.gob.mx\/index.php\/archivos\/noticias\/boletin-1698-fiscalia-de-oaxaca-obtiene-sentencia-de-66-anos-de-prision-contra-responsable-de-feminicidio-de-su-esposa-cometido-en-san-andres-zautla","title":{"rendered":"BOLET\u00cdN 1,698.- Fiscal\u00eda de Oaxaca obtiene sentencia de 66 a\u00f1os de prisi\u00f3n contra responsable de feminicidio de su esposa, cometido en San Andr\u00e9s Zautla"},"content":{"rendered":"<p><strong>Oaxaca de Ju\u00e1rez, Oax. 28 de agosto de 2025.- <\/strong>Como resultado de las investigaciones ministeriales especializadas con perspectiva de g\u00e9nero, la Fiscal\u00eda General del Estado de Oaxaca (FGEO) obtuvo sentencia condenatoria de 66 a\u00f1os y 08 meses de prisi\u00f3n en contra de una persona del sexo masculino identificada como Eduardo Javier A.M., responsable por el delito de feminicidio agravado en agravio de N.B.G.N. (quien era su esposa), cometido en la regi\u00f3n de los Valles Centrales.<\/p>\n<p>De acuerdo con la causa penal, los hechos ocurrieron el 17 y 18 de septiembre de 2020, en un domicilio ubicado en la calle de 5 de Mayo, en el municipio de San Andr\u00e9s Zautla, distrito de Etla, lugar donde el hoy sentenciado agredi\u00f3 verbal y f\u00edsicamente a la v\u00edctima con un objeto contundente, provocando lesiones que le ocasionaron la muerte.<\/p>\n<p>Las indagatorias revelan que, posteriormente el sentenciado llev\u00f3 el cuerpo de la v\u00edctima hasta un pozo localizado en la parte trasera del domicilio mencionado, en donde lo arroj\u00f3, con la intenci\u00f3n de ocultar el delito.<\/p>\n<p>Tras su ausencia, la v\u00edctima fue reportada como No Localizada, por lo que de inmediato se activaron los protocolos de b\u00fasqueda correspondientes, sin embargo, fue hallada sin vida el 01 de octubre de 2020.<\/p>\n<p>Ante estos hechos, la FGEO inici\u00f3 una exhaustiva investigaci\u00f3n, a trav\u00e9s de la Vicefiscal\u00eda General de Control Regional, logrando obtener elementos de prueba suficientes para presentar ante el juez a Eduardo Javier A.M.<\/p>\n<p>Derivado de las investigaciones presentadas por la Fiscal\u00eda de Oaxaca, el Tribunal de Enjuiciamiento determin\u00f3 dictar sentencia condenatoria en contra de Eduardo Javier A.M., a quien impusieron una pena de 66 a\u00f1os y 08 meses de prisi\u00f3n por el delito de feminicidio agravado, adem\u00e1s imponer el pago de una multa y el pago por la reparaci\u00f3n del da\u00f1o.<\/p>\n<p>La Fiscal\u00eda General, reitera en los hechos, su compromiso de llevar ante la Justicia a todo aquel que vulnere los derechos y la integridad de ni\u00f1as, ni\u00f1os, adolescentes y Mujeres.<\/p>\n<p><img decoding=\"async\" class=\"alignnone size-full wp-image-9870\" src=\"https:\/\/portal.fgeo.gob.mx\/wp-content\/uploads\/2025\/08\/Dise%C3%B1o-sin-t%C3%ADtulo-15.jpg\" alt=\"\" width=\"146\" height=\"184\" \/><\/p>\n<p>&nbsp;<\/p>\n","protected":false},"author":2,"featured_media":9841,"comment_status":"closed","ping_status":"closed","template":"","tags":[],"categoria_noticias":[],"class_list":["post-16983","noticias","type-noticias","status-publish","has-post-thumbnail","hentry"],"acf":[],"mb":[],"mfb_rest_fields":["title","gutenberg_elementor_mode"],"_links":{"self":[{"href":"https:\/\/portal.fgeo.gob.mx\/index.php\/wp-json\/wp\/v2\/noticias\/16983","targetHints":{"allow":["GET"]}}],"collection":[{"href":"https:\/\/portal.fgeo.gob.mx\/index.php\/wp-json\/wp\/v2\/noticias"}],"about":[{"href":"https:\/\/portal.fgeo.gob.mx\/index.php\/wp-json\/wp\/v2\/types\/noticias"}],"author":[{"embeddable":true,"href":"https:\/\/portal.fgeo.gob.mx\/index.php\/wp-json\/wp\/v2\/users\/2"}],"replies":[{"embeddable":true,"href":"https:\/\/portal.fgeo.gob.mx\/index.php\/wp-json\/wp\/v2\/comments?post=16983"}],"wp:featuredmedia":[{"embeddable":true,"href":"https:\/\/portal.fgeo.gob.mx\/index.php\/wp-json\/"}],"wp:attachment":[{"href":"https:\/\/portal.fgeo.gob.mx\/index.php\/wp-json\/wp\/v2\/media?parent=16983"}],"wp:term":[{"taxonomy":"post_tag","embeddable":true,"href":"https:\/\/portal.fgeo.gob.mx\/index.php\/wp-json\/wp\/v2\/tags?post=16983"},{"taxonomy":"categoria_noticias","embeddable":true,"href":"https:\/\/portal.fgeo.gob.mx\/index.php\/wp-json\/wp\/v2\/categoria_noticias?post=16983"}],"curies":[{"name":"wp","href":"https:\/\/api.w.org\/{rel}","templated":true}]}}